{"id":128291,"date":"2021-09-27T06:04:18","date_gmt":"2021-09-27T10:04:18","guid":{"rendered":"https:\/\/linitiative.ca\/International\/industrie-manufacturiere-la-production-attendue-en-hausse-au-t3-2021\/"},"modified":"2021-09-27T06:04:18","modified_gmt":"2021-09-27T10:04:18","slug":"industrie-manufacturiere-la-production-attendue-en-hausse-au-t3-2021","status":"publish","type":"post","link":"https:\/\/linitiative.ca\/International\/industrie-manufacturiere-la-production-attendue-en-hausse-au-t3-2021\/","title":{"rendered":"Industrie manufacturi\u00e8re: La production attendue en hausse au T3-2021"},"content":{"rendered":"<div>\n<div style=\"margin-bottom:20px;\"><img loading=\"lazy\" decoding=\"async\" width=\"750\" height=\"430\" src=\"https:\/\/linitiative.ca\/International\/wp-content\/uploads\/sites\/23\/2021\/09\/hcplogo.jpg\" class=\"attachment-post-thumbnail size-post-thumbnail wp-post-image\" alt=\"\" srcset=\"https:\/\/linitiative.ca\/International\/wp-content\/uploads\/sites\/23\/2021\/09\/hcplogo.jpg 750w, http:\/\/www.mapmarrakech.ma\/map\/uploads\/2021\/09\/hcplogo-300x172.jpg 300w\" sizes=\"auto, (max-width: 750px) 100vw, 750px\"><\/div>\n<p>Ces anticipations seraient attribuables, d\u2019une part, \u00e0 une hausse de l\u2019activit\u00e9 de \u00ab\u00a0Fabrication d\u2019autres produits min\u00e9raux non m\u00e9talliques\u00a0\u00bb et de la \u00ab\u00a0M\u00e9tallurgie\u00a0\u00bb et, d\u2019autre part, \u00e0 une diminution de celle de l&rsquo;\u00a0\u00bbIndustrie chimique\u00a0\u00bb et de la \u00ab\u00a0Fabrication d\u2019\u00e9quipements \u00e9lectriques\u00a0\u00bb, indique le HCP dans une note sur les r\u00e9sultats des enqu\u00eates de conjoncture aupr\u00e8s des entreprises relevant des secteurs de l\u2019industrie manufacturi\u00e8re, de l\u2019extractive, de l\u2019industrie \u00e9nerg\u00e9tique, de l\u2019industrie environnementale et de la construction, au titre du troisi\u00e8me trimestre 2021.<\/p>\n<p>Concernant les anticipations de l\u2019emploi, les industriels pr\u00e9voient globalement une stabilit\u00e9 des effectifs employ\u00e9s, d\u2019apr\u00e8s la m\u00eame source.<\/p>\n<p>S\u2019agissant de l\u2019industrie extractive, les entreprises de ce secteur pr\u00e9voient une stabilit\u00e9 de leur production, imputable, principalement, \u00e0 une stagnation de la production des phosphates, fait savoir le HCP, relevant qu\u2019au niveau des effectifs employ\u00e9s, les patrons de ce secteur pr\u00e9voient une diminution.<\/p>\n<p>La production \u00e9nerg\u00e9tique attendue pour le 3\u00e8me trimestre 2021, conna\u00eetrait, quant \u00e0 elle, une augmentation attribuable \u00e0 une hausse de la \u00ab\u00a0Production et distribution d\u2019\u00e9lectricit\u00e9, de gaz, de vapeur et d\u2019air conditionn\u00e9\u00a0\u00bb. Pour ce qui est de l\u2019emploi, il conna\u00eetrait une diminution.<\/p>\n<p>Pour le m\u00eame trimestre, les entreprises de l\u2019industrie environnementale anticipent une augmentation de la production notamment dans les activit\u00e9s du \u00ab\u00a0Captage, traitement et distribution d\u2019eau\u00a0\u00bb et une stabilit\u00e9 des effectifs employ\u00e9s.<\/p>\n<p>La note fait, en outre ressortir, qu\u2019au 2\u00e8me trimestre 2021, la production de l\u2019industrie manufacturi\u00e8re aurait connu une hausse r\u00e9sultat d\u2019une augmentation de la production dans les branches des \u00ab\u00a0Industries alimentaires\u00a0\u00bb, de l&rsquo;\u00a0\u00bbIndustrie automobile\u00a0\u00bb et de l&rsquo;\u00a0\u00bbIndustrie chimique\u00a0\u00bb et d\u2019une diminution de la production dans les branches de la \u00ab\u00a0Fabrication d\u2019\u00e9quipements \u00e9lectriques\u00a0\u00bb et de la \u00ab\u00a0Fabrication d\u2019autres produits min\u00e9raux non m\u00e9talliques\u00a0\u00bb.<\/p>\n<p>Les carnets de commandes du secteur sont jug\u00e9s d\u2019un niveau normal par les chefs d\u2019entreprises. S\u2019agissant de l\u2019emploi, il aurait connu une stabilit\u00e9. Globalement, le taux d\u2019utilisation des capacit\u00e9s de production (TUC) dans l\u2019industrie manufacturi\u00e8re se serait \u00e9tabli \u00e0 77%.<\/p>\n<p>Au 2\u00e8me trimestre 2021, la production de l\u2019industrie extractive aurait affich\u00e9 une stabilit\u00e9 imputable \u00e0 une stagnation de la production \u00ab\u00a0d\u2019autres industries extractives\u00a0\u00bb. Les carnets de commande se seraient situ\u00e9s \u00e0 un niveau normal et l\u2019emploi aurait connu une baisse. Dans ces conditions, le TUC dans l\u2019industrie extractive se serait \u00e9tabli \u00e0 72%.<\/p>\n<p>La production de l\u2019industrie \u00e9nerg\u00e9tique aurait connu, au T2-2021, une augmentation due principalement \u00e0 une hausse dans la \u00ab\u00a0Production et distribution d\u2019\u00e9lectricit\u00e9, de gaz, de vapeur et d\u2019air conditionn\u00e9\u00a0\u00bb.<\/p>\n<p>S\u2019agissant des carnets de commandes, ils sont jug\u00e9s d\u2019un niveau normal, et l\u2019emploi, quant \u00e0 lui, aurait connu une diminution.<\/p>\n<p>En ce qui concerne la production de l\u2019industrie environnementale, elle aurait enregistr\u00e9 une augmentation imputable \u00e0 une hausse de l\u2019activit\u00e9 du \u00ab\u00a0Captage, traitement et distribution d\u2019eau\u00a0\u00bb. Les carnets de commandes de ce secteur se seraient \u00e9tablis \u00e0 un niveau normal et l\u2019emploi aurait connu une augmentation.<\/p>\n<p>The post <a rel=\"nofollow\" href=\"http:\/\/www.mapmarrakech.ma\/fr\/industrie-manufacturiere-la-production-attendue-en-hausse-au-t3-2021\/\">Industrie manufacturi\u00e8re: La production attendue en hausse au T3-2021<\/a> appeared first on <a rel=\"nofollow\" href=\"http:\/\/www.mapmarrakech.ma\/fr\">MapMarrakech<\/a>.<\/p>\n<\/div>\n<p>Auteur: Meriem IGASS<br \/>\n<a href=\"http:\/\/www.mapmarrakech.ma\/fr\/industrie-manufacturiere-la-production-attendue-en-hausse-au-t3-2021\/\">Cliquez ici pour lire l&rsquo;article depuis sa source.<\/a><\/p>\n","protected":false},"excerpt":{"rendered":"<p>Ces anticipations seraient attribuables, d\u2019une part, \u00e0 une hausse de l\u2019activit\u00e9 de \u00ab\u00a0Fabrication d\u2019autres produits min\u00e9raux non m\u00e9talliques\u00a0\u00bb et de la \u00ab\u00a0M\u00e9tallurgie\u00a0\u00bb et, d\u2019autre part, \u00e0 une diminution de celle de l&rsquo;\u00a0\u00bbIndustrie chimique\u00a0\u00bb et de la \u00ab\u00a0Fabrication d\u2019\u00e9quipements \u00e9lectriques\u00a0\u00bb, indique le HCP dans une note sur les r\u00e9sultats des enqu\u00eates de conjoncture aupr\u00e8s des entreprises [&hellip;]<\/p>\n","protected":false},"author":1788,"featured_media":0,"comment_status":"closed","ping_status":"closed","sticky":false,"template":"","format":"standard","meta":{"fifu_image_url":"http:\/\/www.mapmarrakech.ma\/map\/uploads\/2021\/09\/hcplogo.jpg","fifu_image_alt":"Industrie manufacturi\u00e8re: La production attendue en hausse au T3-2021","footnotes":""},"categories":[54,76],"tags":[],"class_list":["post-128291","post","type-post","status-publish","format-standard","hentry","category-maroc","category-regions"],"_links":{"self":[{"href":"https:\/\/linitiative.ca\/International\/wp-json\/wp\/v2\/posts\/128291","targetHints":{"allow":["GET"]}}],"collection":[{"href":"https:\/\/linitiative.ca\/International\/wp-json\/wp\/v2\/posts"}],"about":[{"href":"https:\/\/linitiative.ca\/International\/wp-json\/wp\/v2\/types\/post"}],"author":[{"embeddable":true,"href":"https:\/\/linitiative.ca\/International\/wp-json\/wp\/v2\/users\/1788"}],"replies":[{"embeddable":true,"href":"https:\/\/linitiative.ca\/International\/wp-json\/wp\/v2\/comments?post=128291"}],"version-history":[{"count":0,"href":"https:\/\/linitiative.ca\/International\/wp-json\/wp\/v2\/posts\/128291\/revisions"}],"wp:attachment":[{"href":"https:\/\/linitiative.ca\/International\/wp-json\/wp\/v2\/media?parent=128291"}],"wp:term":[{"taxonomy":"category","embeddable":true,"href":"https:\/\/linitiative.ca\/International\/wp-json\/wp\/v2\/categories?post=128291"},{"taxonomy":"post_tag","embeddable":true,"href":"https:\/\/linitiative.ca\/International\/wp-json\/wp\/v2\/tags?post=128291"}],"curies":[{"name":"wp","href":"https:\/\/api.w.org\/{rel}","templated":true}]}}