{"id":128299,"date":"2021-09-27T08:50:08","date_gmt":"2021-09-27T12:50:08","guid":{"rendered":"https:\/\/linitiative.ca\/International\/organes-de-gouvernance-onu-femmes-felicite-le-maroc-pour-ladoption-du-quota-de-femmes\/"},"modified":"2021-09-27T08:50:08","modified_gmt":"2021-09-27T12:50:08","slug":"organes-de-gouvernance-onu-femmes-felicite-le-maroc-pour-ladoption-du-quota-de-femmes","status":"publish","type":"post","link":"https:\/\/linitiative.ca\/International\/organes-de-gouvernance-onu-femmes-felicite-le-maroc-pour-ladoption-du-quota-de-femmes\/","title":{"rendered":"Organes de gouvernance: ONU Femmes f\u00e9licite le Maroc pour l&rsquo;adoption du quota de femmes"},"content":{"rendered":"<div>\n<div class=\"field field-name-body field-type-text-with-summary field-label-hidden\">\n<div class=\"field-items\">\n<div class=\"field-item even\" property=\"content:encoded\">\n<p class=\"rtejustify\">ONU Femmes a f\u00e9licit\u00e9 le Maroc pour l&rsquo;adoption du quota en faveur d&rsquo;un \u00e9quilibre entre les sexes dans les organes de gouvernance.<\/p>\n<\/div>\n<\/div>\n<\/div>\n<\/div>\n<p>Auteur: hgueye<br \/>\n<a href=\"https:\/\/www.leconomiste.com\/flash-infos\/organes-de-gouvernance-onu-femmes-felicite-le-maroc-pour-l-adoption-du-quota-de-femmes\">Cliquez ici pour lire l&rsquo;article depuis sa source.<\/a><\/p>\n","protected":false},"excerpt":{"rendered":"<p>ONU Femmes a f\u00e9licit\u00e9 le Maroc pour l&rsquo;adoption du quota en faveur d&rsquo;un \u00e9quilibre entre les sexes dans les organes de gouvernance. Auteur: hgueye Cliquez ici pour lire l&rsquo;article depuis sa source.<\/p>\n","protected":false},"author":1763,"featured_media":0,"comment_status":"closed","ping_status":"closed","sticky":false,"template":"","format":"standard","meta":{"fifu_image_url":"","fifu_image_alt":"","footnotes":""},"categories":[78,54],"tags":[],"class_list":["post-128299","post","type-post","status-publish","format-standard","hentry","category-economie","category-maroc"],"_links":{"self":[{"href":"https:\/\/linitiative.ca\/International\/wp-json\/wp\/v2\/posts\/128299","targetHints":{"allow":["GET"]}}],"collection":[{"href":"https:\/\/linitiative.ca\/International\/wp-json\/wp\/v2\/posts"}],"about":[{"href":"https:\/\/linitiative.ca\/International\/wp-json\/wp\/v2\/types\/post"}],"author":[{"embeddable":true,"href":"https:\/\/linitiative.ca\/International\/wp-json\/wp\/v2\/users\/1763"}],"replies":[{"embeddable":true,"href":"https:\/\/linitiative.ca\/International\/wp-json\/wp\/v2\/comments?post=128299"}],"version-history":[{"count":0,"href":"https:\/\/linitiative.ca\/International\/wp-json\/wp\/v2\/posts\/128299\/revisions"}],"wp:attachment":[{"href":"https:\/\/linitiative.ca\/International\/wp-json\/wp\/v2\/media?parent=128299"}],"wp:term":[{"taxonomy":"category","embeddable":true,"href":"https:\/\/linitiative.ca\/International\/wp-json\/wp\/v2\/categories?post=128299"},{"taxonomy":"post_tag","embeddable":true,"href":"https:\/\/linitiative.ca\/International\/wp-json\/wp\/v2\/tags?post=128299"}],"curies":[{"name":"wp","href":"https:\/\/api.w.org\/{rel}","templated":true}]}}