{"id":128300,"date":"2021-09-27T09:30:43","date_gmt":"2021-09-27T13:30:43","guid":{"rendered":"https:\/\/linitiative.ca\/International\/esperance-de-vie-baisse-record-en-2020\/"},"modified":"2021-09-27T09:30:43","modified_gmt":"2021-09-27T13:30:43","slug":"esperance-de-vie-baisse-record-en-2020","status":"publish","type":"post","link":"https:\/\/linitiative.ca\/International\/esperance-de-vie-baisse-record-en-2020\/","title":{"rendered":"Esp\u00e9rance de vie: Baisse record en 2020"},"content":{"rendered":"<div>\n<div class=\"field field-name-body field-type-text-with-summary field-label-hidden\">\n<div class=\"field-items\">\n<div class=\"field-item even\" property=\"content:encoded\">\n<p class=\"rtejustify\">La pand\u00e9mie de Covid-19 y est pour quelque chose. En 2020, l&rsquo;esp\u00e9rance de vie a connu sa plus forte baisse depuis la Seconde Guerre mondiale \u00e0 cause de la pand\u00e9mie de coronavirus, selon une nouvelle \u00e9tude d\u00e9voil\u00e9e ce lundi par l\u2019Universit\u00e9 d\u2019Oxford reprise par Reuters.<\/p>\n<\/div>\n<\/div>\n<\/div>\n<\/div>\n<p>Auteur: hgueye<br \/>\n<a href=\"https:\/\/www.leconomiste.com\/flash-infos\/esperance-de-vie-baisse-record-en-2020\">Cliquez ici pour lire l&rsquo;article depuis sa source.<\/a><\/p>\n","protected":false},"excerpt":{"rendered":"<p>La pand\u00e9mie de Covid-19 y est pour quelque chose. En 2020, l&rsquo;esp\u00e9rance de vie a connu sa plus forte baisse depuis la Seconde Guerre mondiale \u00e0 cause de la pand\u00e9mie de coronavirus, selon une nouvelle \u00e9tude d\u00e9voil\u00e9e ce lundi par l\u2019Universit\u00e9 d\u2019Oxford reprise par Reuters. Auteur: hgueye Cliquez ici pour lire l&rsquo;article depuis sa source.<\/p>\n","protected":false},"author":1763,"featured_media":0,"comment_status":"closed","ping_status":"closed","sticky":false,"template":"","format":"standard","meta":{"fifu_image_url":"","fifu_image_alt":"","footnotes":""},"categories":[78,54],"tags":[],"class_list":["post-128300","post","type-post","status-publish","format-standard","hentry","category-economie","category-maroc"],"_links":{"self":[{"href":"https:\/\/linitiative.ca\/International\/wp-json\/wp\/v2\/posts\/128300","targetHints":{"allow":["GET"]}}],"collection":[{"href":"https:\/\/linitiative.ca\/International\/wp-json\/wp\/v2\/posts"}],"about":[{"href":"https:\/\/linitiative.ca\/International\/wp-json\/wp\/v2\/types\/post"}],"author":[{"embeddable":true,"href":"https:\/\/linitiative.ca\/International\/wp-json\/wp\/v2\/users\/1763"}],"replies":[{"embeddable":true,"href":"https:\/\/linitiative.ca\/International\/wp-json\/wp\/v2\/comments?post=128300"}],"version-history":[{"count":0,"href":"https:\/\/linitiative.ca\/International\/wp-json\/wp\/v2\/posts\/128300\/revisions"}],"wp:attachment":[{"href":"https:\/\/linitiative.ca\/International\/wp-json\/wp\/v2\/media?parent=128300"}],"wp:term":[{"taxonomy":"category","embeddable":true,"href":"https:\/\/linitiative.ca\/International\/wp-json\/wp\/v2\/categories?post=128300"},{"taxonomy":"post_tag","embeddable":true,"href":"https:\/\/linitiative.ca\/International\/wp-json\/wp\/v2\/tags?post=128300"}],"curies":[{"name":"wp","href":"https:\/\/api.w.org\/{rel}","templated":true}]}}