{"id":128303,"date":"2021-09-27T11:53:06","date_gmt":"2021-09-27T15:53:06","guid":{"rendered":"https:\/\/linitiative.ca\/International\/grand-prix-national-de-la-presse-lancement-de-la-19e-edition\/"},"modified":"2021-09-27T11:53:06","modified_gmt":"2021-09-27T15:53:06","slug":"grand-prix-national-de-la-presse-lancement-de-la-19e-edition","status":"publish","type":"post","link":"https:\/\/linitiative.ca\/International\/grand-prix-national-de-la-presse-lancement-de-la-19e-edition\/","title":{"rendered":"Grand prix national de la presse: Lancement de la 19e \u00e9dition"},"content":{"rendered":"<div>\n<div class=\"field field-name-body field-type-text-with-summary field-label-hidden\">\n<div class=\"field-items\">\n<div class=\"field-item even\" property=\"content:encoded\">\n<p class=\"rtejustify\">La 19e \u00e9dition du Grand prix national de la presse est lanc\u00e9e, annonce le minist\u00e8re le d\u00e9partement de la Communication.\u00a0Organis\u00e9 chaque ann\u00e9e \u00e0 l&rsquo;occasion de la journ\u00e9e nationale de l&rsquo;information en vue d&rsquo;encourager les comp\u00e9tences m\u00e9diatiques marocaines et leur rendre hommage, ce prix porte sur plusieurs cat\u00e9gories, notamment\u00a0le prix de la t\u00e9l\u00e9vision (investigation et le film documentaire), deux de\u00a0la radio, de la presse \u00e9crite, de la presse \u00e9lectronique, de l\u2019agence de presse, de la production journalistique amazighe, le prix de la production journalistique hassanie, de<\/p>\n<\/div>\n<\/div>\n<\/div>\n<\/div>\n<p>Auteur: hgueye<br \/>\n<a href=\"https:\/\/www.leconomiste.com\/flash-infos\/grand-prix-national-de-la-presse-lancement-de-la-19e-edition\">Cliquez ici pour lire l&rsquo;article depuis sa source.<\/a><\/p>\n","protected":false},"excerpt":{"rendered":"<p>La 19e \u00e9dition du Grand prix national de la presse est lanc\u00e9e, annonce le minist\u00e8re le d\u00e9partement de la Communication.\u00a0Organis\u00e9 chaque ann\u00e9e \u00e0 l&rsquo;occasion de la journ\u00e9e nationale de l&rsquo;information en vue d&rsquo;encourager les comp\u00e9tences m\u00e9diatiques marocaines et leur rendre hommage, ce prix porte sur plusieurs cat\u00e9gories, notamment\u00a0le prix de la t\u00e9l\u00e9vision (investigation et le [&hellip;]<\/p>\n","protected":false},"author":1763,"featured_media":0,"comment_status":"closed","ping_status":"closed","sticky":false,"template":"","format":"standard","meta":{"fifu_image_url":"","fifu_image_alt":"","footnotes":""},"categories":[78,54],"tags":[],"class_list":["post-128303","post","type-post","status-publish","format-standard","hentry","category-economie","category-maroc"],"_links":{"self":[{"href":"https:\/\/linitiative.ca\/International\/wp-json\/wp\/v2\/posts\/128303","targetHints":{"allow":["GET"]}}],"collection":[{"href":"https:\/\/linitiative.ca\/International\/wp-json\/wp\/v2\/posts"}],"about":[{"href":"https:\/\/linitiative.ca\/International\/wp-json\/wp\/v2\/types\/post"}],"author":[{"embeddable":true,"href":"https:\/\/linitiative.ca\/International\/wp-json\/wp\/v2\/users\/1763"}],"replies":[{"embeddable":true,"href":"https:\/\/linitiative.ca\/International\/wp-json\/wp\/v2\/comments?post=128303"}],"version-history":[{"count":0,"href":"https:\/\/linitiative.ca\/International\/wp-json\/wp\/v2\/posts\/128303\/revisions"}],"wp:attachment":[{"href":"https:\/\/linitiative.ca\/International\/wp-json\/wp\/v2\/media?parent=128303"}],"wp:term":[{"taxonomy":"category","embeddable":true,"href":"https:\/\/linitiative.ca\/International\/wp-json\/wp\/v2\/categories?post=128303"},{"taxonomy":"post_tag","embeddable":true,"href":"https:\/\/linitiative.ca\/International\/wp-json\/wp\/v2\/tags?post=128303"}],"curies":[{"name":"wp","href":"https:\/\/api.w.org\/{rel}","templated":true}]}}