{"id":128306,"date":"2021-09-27T03:22:00","date_gmt":"2021-09-27T07:22:00","guid":{"rendered":"https:\/\/linitiative.ca\/International\/psg-neymar-et-mbappe-se-sont-expliques-apres-le-ce-clochard-il-ne-me-passe-pas-la-balle\/"},"modified":"2021-09-27T03:22:00","modified_gmt":"2021-09-27T07:22:00","slug":"psg-neymar-et-mbappe-se-sont-expliques-apres-le-ce-clochard-il-ne-me-passe-pas-la-balle","status":"publish","type":"post","link":"https:\/\/linitiative.ca\/International\/psg-neymar-et-mbappe-se-sont-expliques-apres-le-ce-clochard-il-ne-me-passe-pas-la-balle\/","title":{"rendered":"PSG : Neymar et Mbapp\u00e9 se sont expliqu\u00e9s apr\u00e8s le \u00ab\u00a0Ce clochard, il ne me passe pas la balle\u00a0\u00bb"},"content":{"rendered":"<div>Les deux joueurs se seraient expliqu\u00e9s samedi soir apr\u00e8s une entente plus que discutable sur le terrain face \u00e0 Montpellier<img loading=\"lazy\" decoding=\"async\" src=\"http:\/\/feeds.feedburner.com\/~r\/GalerieFArtciles\/~4\/r0OM3eGQAhA\" height=\"1\" width=\"1\" alt=\"\"><\/div>\n<p>Auteur:<br \/>\n<a href=\"http:\/\/www.lebuteur.com\/article\/detail?titre=psg-neymar-et-mbappe-se-sont-expliques-apres-le-ce-clochard-il-ne-me-passe-pas-la-balle&#038;id=101185&#038;utm_source=feedburner&#038;utm_medium=feed&#038;utm_campaign=Feed%3A+GalerieFArtciles+%28Les+derniers+articles++-+lebuteur.com%29\">Cliquez ici pour lire l&rsquo;article depuis sa source.<\/a><\/p>\n","protected":false},"excerpt":{"rendered":"<p>Les deux joueurs se seraient expliqu\u00e9s samedi soir apr\u00e8s une entente plus que discutable sur le terrain face \u00e0 Montpellier Auteur: Cliquez ici pour lire l&rsquo;article depuis sa source.<\/p>\n","protected":false},"author":1738,"featured_media":0,"comment_status":"closed","ping_status":"closed","sticky":false,"template":"","format":"standard","meta":{"fifu_image_url":"http:\/\/feeds.feedburner.com\/~r\/GalerieFArtciles\/~4\/r0OM3eGQAhA","fifu_image_alt":"<div>PSG : Neymar et Mbapp\u00e9 se sont expliqu\u00e9s apr\u00e8s le \"Ce clochard, il ne me passe pas la balle\"<\/div>","footnotes":""},"categories":[53,75],"tags":[],"class_list":["post-128306","post","type-post","status-publish","format-standard","hentry","category-algerie","category-sport"],"_links":{"self":[{"href":"https:\/\/linitiative.ca\/International\/wp-json\/wp\/v2\/posts\/128306","targetHints":{"allow":["GET"]}}],"collection":[{"href":"https:\/\/linitiative.ca\/International\/wp-json\/wp\/v2\/posts"}],"about":[{"href":"https:\/\/linitiative.ca\/International\/wp-json\/wp\/v2\/types\/post"}],"author":[{"embeddable":true,"href":"https:\/\/linitiative.ca\/International\/wp-json\/wp\/v2\/users\/1738"}],"replies":[{"embeddable":true,"href":"https:\/\/linitiative.ca\/International\/wp-json\/wp\/v2\/comments?post=128306"}],"version-history":[{"count":0,"href":"https:\/\/linitiative.ca\/International\/wp-json\/wp\/v2\/posts\/128306\/revisions"}],"wp:attachment":[{"href":"https:\/\/linitiative.ca\/International\/wp-json\/wp\/v2\/media?parent=128306"}],"wp:term":[{"taxonomy":"category","embeddable":true,"href":"https:\/\/linitiative.ca\/International\/wp-json\/wp\/v2\/categories?post=128306"},{"taxonomy":"post_tag","embeddable":true,"href":"https:\/\/linitiative.ca\/International\/wp-json\/wp\/v2\/tags?post=128306"}],"curies":[{"name":"wp","href":"https:\/\/api.w.org\/{rel}","templated":true}]}}