{"id":128329,"date":"2021-09-27T06:00:00","date_gmt":"2021-09-27T10:00:00","guid":{"rendered":"https:\/\/linitiative.ca\/International\/le-sort-du-raj-connu-ce-mercredi\/"},"modified":"2021-09-27T06:00:00","modified_gmt":"2021-09-27T10:00:00","slug":"le-sort-du-raj-connu-ce-mercredi","status":"publish","type":"post","link":"https:\/\/linitiative.ca\/International\/le-sort-du-raj-connu-ce-mercredi\/","title":{"rendered":"Le sort du RAJ connu ce mercredi"},"content":{"rendered":"<div>La date de l\u2019audience de l\u2019affaire opposant le minist\u00e8re de l\u2019Int\u00e9rieur et des Collectivit\u00e9s locales \u00e0 l\u2019association RAJ est fix\u00e9e au mercredi 29 septembre 2021 au niveau du tribunal administratif d\u2019Alger, sis \u00e0 Bir-Mourad-Ra\u00efs, a annonc\u00e9 hier<\/div>\n<p>Auteur:<br \/>\n<a href=\"https:\/\/www.lesoirdalgerie.com\/actualites\/le-sort-du-raj-connu-ce-mercredi-68100\">Cliquez ici pour lire l&rsquo;article depuis sa source.<\/a><\/p>\n","protected":false},"excerpt":{"rendered":"<p>La date de l\u2019audience de l\u2019affaire opposant le minist\u00e8re de l\u2019Int\u00e9rieur et des Collectivit\u00e9s locales \u00e0 l\u2019association RAJ est fix\u00e9e au mercredi 29 septembre 2021 au niveau du tribunal administratif d\u2019Alger, sis \u00e0 Bir-Mourad-Ra\u00efs, a annonc\u00e9 hier Auteur: Cliquez ici pour lire l&rsquo;article depuis sa source.<\/p>\n","protected":false},"author":1741,"featured_media":0,"comment_status":"closed","ping_status":"closed","sticky":false,"template":"","format":"standard","meta":{"fifu_image_url":"","fifu_image_alt":"","footnotes":""},"categories":[73,53],"tags":[],"class_list":["post-128329","post","type-post","status-publish","format-standard","hentry","category-actualite","category-algerie"],"_links":{"self":[{"href":"https:\/\/linitiative.ca\/International\/wp-json\/wp\/v2\/posts\/128329","targetHints":{"allow":["GET"]}}],"collection":[{"href":"https:\/\/linitiative.ca\/International\/wp-json\/wp\/v2\/posts"}],"about":[{"href":"https:\/\/linitiative.ca\/International\/wp-json\/wp\/v2\/types\/post"}],"author":[{"embeddable":true,"href":"https:\/\/linitiative.ca\/International\/wp-json\/wp\/v2\/users\/1741"}],"replies":[{"embeddable":true,"href":"https:\/\/linitiative.ca\/International\/wp-json\/wp\/v2\/comments?post=128329"}],"version-history":[{"count":0,"href":"https:\/\/linitiative.ca\/International\/wp-json\/wp\/v2\/posts\/128329\/revisions"}],"wp:attachment":[{"href":"https:\/\/linitiative.ca\/International\/wp-json\/wp\/v2\/media?parent=128329"}],"wp:term":[{"taxonomy":"category","embeddable":true,"href":"https:\/\/linitiative.ca\/International\/wp-json\/wp\/v2\/categories?post=128329"},{"taxonomy":"post_tag","embeddable":true,"href":"https:\/\/linitiative.ca\/International\/wp-json\/wp\/v2\/tags?post=128329"}],"curies":[{"name":"wp","href":"https:\/\/api.w.org\/{rel}","templated":true}]}}