{"id":128334,"date":"2021-09-27T06:56:02","date_gmt":"2021-09-27T10:56:02","guid":{"rendered":"https:\/\/linitiative.ca\/International\/tourisme-lonmt-rend-hommage-aux-professionnels-du-secteur\/"},"modified":"2021-09-27T06:56:02","modified_gmt":"2021-09-27T10:56:02","slug":"tourisme-lonmt-rend-hommage-aux-professionnels-du-secteur","status":"publish","type":"post","link":"https:\/\/linitiative.ca\/International\/tourisme-lonmt-rend-hommage-aux-professionnels-du-secteur\/","title":{"rendered":"Tourisme. L\u2019ONMT rend hommage aux professionnels du secteur"},"content":{"rendered":"<div><img decoding=\"async\" width=\"1280\" height=\"853\" src=\"https:\/\/linitiative.ca\/International\/wp-content\/uploads\/sites\/23\/2021\/09\/WhatsApp-Image-2021-09-27-at-12.56.51.jpeg\" class=\"attachment-post-thumbnail size-post-thumbnail wp-post-image\" alt=\"\" loading=\"lazy\" srcset=\"https:\/\/linitiative.ca\/International\/wp-content\/uploads\/sites\/23\/2021\/09\/WhatsApp-Image-2021-09-27-at-12.56.51.jpeg 1280w, https:\/\/www.challenge.ma\/wp-content\/uploads\/2021\/09\/WhatsApp-Image-2021-09-27-at-12.56.51-300x200.jpeg 300w, https:\/\/www.challenge.ma\/wp-content\/uploads\/2021\/09\/WhatsApp-Image-2021-09-27-at-12.56.51-1024x682.jpeg 1024w, https:\/\/www.challenge.ma\/wp-content\/uploads\/2021\/09\/WhatsApp-Image-2021-09-27-at-12.56.51-768x512.jpeg 768w, https:\/\/www.challenge.ma\/wp-content\/uploads\/2021\/09\/WhatsApp-Image-2021-09-27-at-12.56.51-360x240.jpeg 360w, https:\/\/www.challenge.ma\/wp-content\/uploads\/2021\/09\/WhatsApp-Image-2021-09-27-at-12.56.51-750x500.jpeg 750w\" sizes=\"auto, (max-width: 1280px) 100vw, 1280px\" itemprop=\"image\">L\u2019Office National Marocain du Tourisme (ONMT) lance, \u00e0 l\u2019occasion de la journ\u00e9e mondiale du Tourisme, une campagne in\u00e9dite pour mettre sous les projecteurs les femmes et les hommes qui travaillent dans toutes les fili\u00e8res du secteur et qui sont en premi\u00e8re ligne au service des touristes. \u00ab\u00a0La pand\u00e9mie du Covid-19<\/div>\n<p>Auteur: challenge<br \/>\n<a href=\"https:\/\/www.challenge.ma\/tourisme-lonmt-rend-hommage-aux-professionnels-du-secteur-221827\/\">Cliquez ici pour lire l&rsquo;article depuis sa source.<\/a><\/p>\n","protected":false},"excerpt":{"rendered":"<p>L\u2019Office National Marocain du Tourisme (ONMT) lance, \u00e0 l\u2019occasion de la journ\u00e9e mondiale du Tourisme, une campagne in\u00e9dite pour mettre sous les projecteurs les femmes et les hommes qui travaillent dans toutes les fili\u00e8res du secteur et qui sont en premi\u00e8re ligne au service des touristes. \u00ab\u00a0La pand\u00e9mie du Covid-19 Auteur: challenge Cliquez ici pour [&hellip;]<\/p>\n","protected":false},"author":1787,"featured_media":0,"comment_status":"closed","ping_status":"closed","sticky":false,"template":"","format":"standard","meta":{"fifu_image_url":"https:\/\/www.challenge.ma\/wp-content\/uploads\/2021\/09\/WhatsApp-Image-2021-09-27-at-12.56.51.jpeg","fifu_image_alt":"Tourisme. L\u2019ONMT rend hommage aux professionnels du secteur","footnotes":""},"categories":[78,54],"tags":[],"class_list":["post-128334","post","type-post","status-publish","format-standard","hentry","category-economie","category-maroc"],"_links":{"self":[{"href":"https:\/\/linitiative.ca\/International\/wp-json\/wp\/v2\/posts\/128334","targetHints":{"allow":["GET"]}}],"collection":[{"href":"https:\/\/linitiative.ca\/International\/wp-json\/wp\/v2\/posts"}],"about":[{"href":"https:\/\/linitiative.ca\/International\/wp-json\/wp\/v2\/types\/post"}],"author":[{"embeddable":true,"href":"https:\/\/linitiative.ca\/International\/wp-json\/wp\/v2\/users\/1787"}],"replies":[{"embeddable":true,"href":"https:\/\/linitiative.ca\/International\/wp-json\/wp\/v2\/comments?post=128334"}],"version-history":[{"count":0,"href":"https:\/\/linitiative.ca\/International\/wp-json\/wp\/v2\/posts\/128334\/revisions"}],"wp:attachment":[{"href":"https:\/\/linitiative.ca\/International\/wp-json\/wp\/v2\/media?parent=128334"}],"wp:term":[{"taxonomy":"category","embeddable":true,"href":"https:\/\/linitiative.ca\/International\/wp-json\/wp\/v2\/categories?post=128334"},{"taxonomy":"post_tag","embeddable":true,"href":"https:\/\/linitiative.ca\/International\/wp-json\/wp\/v2\/tags?post=128334"}],"curies":[{"name":"wp","href":"https:\/\/api.w.org\/{rel}","templated":true}]}}