{"id":128336,"date":"2021-09-27T07:54:49","date_gmt":"2021-09-27T11:54:49","guid":{"rendered":"https:\/\/linitiative.ca\/International\/inflation-en-vue\/"},"modified":"2021-09-27T07:54:49","modified_gmt":"2021-09-27T11:54:49","slug":"inflation-en-vue","status":"publish","type":"post","link":"https:\/\/linitiative.ca\/International\/inflation-en-vue\/","title":{"rendered":"Inflation en vue"},"content":{"rendered":"<div><img decoding=\"async\" width=\"2048\" height=\"1328\" src=\"https:\/\/linitiative.ca\/International\/wp-content\/uploads\/sites\/23\/2021\/09\/AP_20076746840464.jpg\" class=\"attachment-post-thumbnail size-post-thumbnail wp-post-image\" alt=\"\" loading=\"lazy\" srcset=\"https:\/\/linitiative.ca\/International\/wp-content\/uploads\/sites\/23\/2021\/09\/AP_20076746840464.jpg 2048w, https:\/\/www.challenge.ma\/wp-content\/uploads\/2021\/09\/AP_20076746840464-300x195.jpg 300w, https:\/\/www.challenge.ma\/wp-content\/uploads\/2021\/09\/AP_20076746840464-1024x664.jpg 1024w, https:\/\/www.challenge.ma\/wp-content\/uploads\/2021\/09\/AP_20076746840464-768x498.jpg 768w, https:\/\/www.challenge.ma\/wp-content\/uploads\/2021\/09\/AP_20076746840464-1536x996.jpg 1536w, https:\/\/www.challenge.ma\/wp-content\/uploads\/2021\/09\/AP_20076746840464-360x233.jpg 360w, https:\/\/www.challenge.ma\/wp-content\/uploads\/2021\/09\/AP_20076746840464-750x486.jpg 750w\" sizes=\"auto, (max-width: 2048px) 100vw, 2048px\" itemprop=\"image\">Les prix des mati\u00e8res premi\u00e8res et de l\u2019\u00e9nergie tirent vers le haut. S\u2019agit-il d\u2019une tendance conjoncturelle, et donc passag\u00e8re, ou au contraire de tendances lourdes\u00a0? Malgr\u00e9 les incertitudes, l\u2019observation de l\u2019\u00e9volution de la r\u00e9alit\u00e9 \u00e9conomique mondiale permet d\u2019apporter quelques \u00e9l\u00e9ments de r\u00e9ponse. En 2021, le taux de croissance mondiale attendu<\/div>\n<p>Auteur: Mohamed Amine<br \/>\n<a href=\"https:\/\/www.challenge.ma\/inflation-en-vue-221836\/\">Cliquez ici pour lire l&rsquo;article depuis sa source.<\/a><\/p>\n","protected":false},"excerpt":{"rendered":"<p>Les prix des mati\u00e8res premi\u00e8res et de l\u2019\u00e9nergie tirent vers le haut. S\u2019agit-il d\u2019une tendance conjoncturelle, et donc passag\u00e8re, ou au contraire de tendances lourdes\u00a0? Malgr\u00e9 les incertitudes, l\u2019observation de l\u2019\u00e9volution de la r\u00e9alit\u00e9 \u00e9conomique mondiale permet d\u2019apporter quelques \u00e9l\u00e9ments de r\u00e9ponse. En 2021, le taux de croissance mondiale attendu Auteur: Mohamed Amine Cliquez ici [&hellip;]<\/p>\n","protected":false},"author":1787,"featured_media":0,"comment_status":"closed","ping_status":"closed","sticky":false,"template":"","format":"standard","meta":{"fifu_image_url":"https:\/\/www.challenge.ma\/wp-content\/uploads\/2021\/09\/AP_20076746840464.jpg","fifu_image_alt":"Inflation en vue","footnotes":""},"categories":[78,54],"tags":[],"class_list":["post-128336","post","type-post","status-publish","format-standard","hentry","category-economie","category-maroc"],"_links":{"self":[{"href":"https:\/\/linitiative.ca\/International\/wp-json\/wp\/v2\/posts\/128336","targetHints":{"allow":["GET"]}}],"collection":[{"href":"https:\/\/linitiative.ca\/International\/wp-json\/wp\/v2\/posts"}],"about":[{"href":"https:\/\/linitiative.ca\/International\/wp-json\/wp\/v2\/types\/post"}],"author":[{"embeddable":true,"href":"https:\/\/linitiative.ca\/International\/wp-json\/wp\/v2\/users\/1787"}],"replies":[{"embeddable":true,"href":"https:\/\/linitiative.ca\/International\/wp-json\/wp\/v2\/comments?post=128336"}],"version-history":[{"count":0,"href":"https:\/\/linitiative.ca\/International\/wp-json\/wp\/v2\/posts\/128336\/revisions"}],"wp:attachment":[{"href":"https:\/\/linitiative.ca\/International\/wp-json\/wp\/v2\/media?parent=128336"}],"wp:term":[{"taxonomy":"category","embeddable":true,"href":"https:\/\/linitiative.ca\/International\/wp-json\/wp\/v2\/categories?post=128336"},{"taxonomy":"post_tag","embeddable":true,"href":"https:\/\/linitiative.ca\/International\/wp-json\/wp\/v2\/tags?post=128336"}],"curies":[{"name":"wp","href":"https:\/\/api.w.org\/{rel}","templated":true}]}}