{"id":128342,"date":"2021-09-27T11:58:57","date_gmt":"2021-09-27T15:58:57","guid":{"rendered":"https:\/\/linitiative.ca\/International\/le-pjd-aura-malgre-tout-un-groupe-parlementaire\/"},"modified":"2021-09-27T11:58:57","modified_gmt":"2021-09-27T15:58:57","slug":"le-pjd-aura-malgre-tout-un-groupe-parlementaire","status":"publish","type":"post","link":"https:\/\/linitiative.ca\/International\/le-pjd-aura-malgre-tout-un-groupe-parlementaire\/","title":{"rendered":"Le PJD aura malgr\u00e9 tout un groupe parlementaire"},"content":{"rendered":"<div><img decoding=\"async\" width=\"696\" height=\"370\" src=\"https:\/\/linitiative.ca\/International\/wp-content\/uploads\/sites\/23\/2021\/09\/CHAMBRE.jpg\" class=\"attachment-post-thumbnail size-post-thumbnail wp-post-image\" alt=\"\" loading=\"lazy\" srcset=\"https:\/\/linitiative.ca\/International\/wp-content\/uploads\/sites\/23\/2021\/09\/CHAMBRE.jpg 696w, https:\/\/www.challenge.ma\/wp-content\/uploads\/2021\/09\/CHAMBRE-300x159.jpg 300w, https:\/\/www.challenge.ma\/wp-content\/uploads\/2021\/09\/CHAMBRE-360x191.jpg 360w\" sizes=\"auto, (max-width: 696px) 100vw, 696px\" itemprop=\"image\">Grand perdant des \u00e9lections l\u00e9gislatives du 8 septembre dernier, le PDJ, avec 12 si\u00e8ges, ne devrait pas pouvoir constituer un groupe parlementaire au sein de la Chambre des repr\u00e9sentants. Mais plusieurs partis sont d\u2019accord pour abaisser \u00e0 12 le nombre de d\u00e9put\u00e9s requis pour former un groupe parlementaire. Apr\u00e8s deux<\/div>\n<p>Auteur: challenge<br \/>\n<a href=\"https:\/\/www.challenge.ma\/le-pjd-aura-malgre-tout-un-groupe-parlementaire-221879\/\">Cliquez ici pour lire l&rsquo;article depuis sa source.<\/a><\/p>\n","protected":false},"excerpt":{"rendered":"<p>Grand perdant des \u00e9lections l\u00e9gislatives du 8 septembre dernier, le PDJ, avec 12 si\u00e8ges, ne devrait pas pouvoir constituer un groupe parlementaire au sein de la Chambre des repr\u00e9sentants. Mais plusieurs partis sont d\u2019accord pour abaisser \u00e0 12 le nombre de d\u00e9put\u00e9s requis pour former un groupe parlementaire. Apr\u00e8s deux Auteur: challenge Cliquez ici pour [&hellip;]<\/p>\n","protected":false},"author":1787,"featured_media":0,"comment_status":"closed","ping_status":"closed","sticky":false,"template":"","format":"standard","meta":{"fifu_image_url":"https:\/\/www.challenge.ma\/wp-content\/uploads\/2021\/09\/CHAMBRE.jpg","fifu_image_alt":"Le PJD aura malgr\u00e9 tout un groupe parlementaire","footnotes":""},"categories":[78,54],"tags":[],"class_list":["post-128342","post","type-post","status-publish","format-standard","hentry","category-economie","category-maroc"],"_links":{"self":[{"href":"https:\/\/linitiative.ca\/International\/wp-json\/wp\/v2\/posts\/128342","targetHints":{"allow":["GET"]}}],"collection":[{"href":"https:\/\/linitiative.ca\/International\/wp-json\/wp\/v2\/posts"}],"about":[{"href":"https:\/\/linitiative.ca\/International\/wp-json\/wp\/v2\/types\/post"}],"author":[{"embeddable":true,"href":"https:\/\/linitiative.ca\/International\/wp-json\/wp\/v2\/users\/1787"}],"replies":[{"embeddable":true,"href":"https:\/\/linitiative.ca\/International\/wp-json\/wp\/v2\/comments?post=128342"}],"version-history":[{"count":0,"href":"https:\/\/linitiative.ca\/International\/wp-json\/wp\/v2\/posts\/128342\/revisions"}],"wp:attachment":[{"href":"https:\/\/linitiative.ca\/International\/wp-json\/wp\/v2\/media?parent=128342"}],"wp:term":[{"taxonomy":"category","embeddable":true,"href":"https:\/\/linitiative.ca\/International\/wp-json\/wp\/v2\/categories?post=128342"},{"taxonomy":"post_tag","embeddable":true,"href":"https:\/\/linitiative.ca\/International\/wp-json\/wp\/v2\/tags?post=128342"}],"curies":[{"name":"wp","href":"https:\/\/api.w.org\/{rel}","templated":true}]}}