{"id":128344,"date":"2021-09-27T15:48:52","date_gmt":"2021-09-27T19:48:52","guid":{"rendered":"https:\/\/linitiative.ca\/International\/tunisie-pourquoi-le-tribunal-administratif-hesite-t-il-a-propos-des-assignations-a-residence-et-pas-pour-les-autres-dossiers\/"},"modified":"2021-09-27T15:48:52","modified_gmt":"2021-09-27T19:48:52","slug":"tunisie-pourquoi-le-tribunal-administratif-hesite-t-il-a-propos-des-assignations-a-residence-et-pas-pour-les-autres-dossiers","status":"publish","type":"post","link":"https:\/\/linitiative.ca\/International\/tunisie-pourquoi-le-tribunal-administratif-hesite-t-il-a-propos-des-assignations-a-residence-et-pas-pour-les-autres-dossiers\/","title":{"rendered":"Tunisie \u2013 Pourquoi le tribunal administratif h\u00e9site-t-il \u00e0 propos des assignations \u00e0 r\u00e9sidence et pas pour les autres dossiers\u00a0?"},"content":{"rendered":"<div>\n<p>Il y aurait, selon des sources non officielles pr\u00e8s de 50 personnes, actuellement, assign\u00e9es \u00e0 r\u00e9sidence surveill\u00e9e, en Tunisie. Dix, au moins, parmi ces personnes ont d\u00e9pos\u00e9 des recours aupr\u00e8s du tribunal administratif, pour annuler ces d\u00e9cisions qu\u2019elles jugent arbitraires. Depuis le d\u00e9but du mois d\u2019ao\u00fbt dernier, le tribunal administratif a, en effet, re\u00e7u, au [\u2026]<\/p>\n<p>L\u2019article <a href=\"https:\/\/www.tunisienumerique.com\/tunisie-pourquoi-le-tribunal-administratif-hesite-t-il-a-propos-des-assignations-a-residence-et-pas-pour-les-autres-dossiers\/\">Tunisie \u2013 Pourquoi le tribunal administratif h\u00e9site-t-il \u00e0 propos des assignations \u00e0 r\u00e9sidence et pas pour les autres dossiers\u00a0?<\/a> est apparu en premier sur <a href=\"https:\/\/www.tunisienumerique.com\/\">Tunisie<\/a>.<\/p>\n<\/div>\n<p>Auteur: Saber .<br \/>\n<a href=\"https:\/\/www.tunisienumerique.com\/tunisie-pourquoi-le-tribunal-administratif-hesite-t-il-a-propos-des-assignations-a-residence-et-pas-pour-les-autres-dossiers\/\">Cliquez ici pour lire l&rsquo;article depuis sa source.<\/a><\/p>\n","protected":false},"excerpt":{"rendered":"<p>Il y aurait, selon des sources non officielles pr\u00e8s de 50 personnes, actuellement, assign\u00e9es \u00e0 r\u00e9sidence surveill\u00e9e, en Tunisie. Dix, au moins, parmi ces personnes ont d\u00e9pos\u00e9 des recours aupr\u00e8s du tribunal administratif, pour annuler ces d\u00e9cisions qu\u2019elles jugent arbitraires. Depuis le d\u00e9but du mois d\u2019ao\u00fbt dernier, le tribunal administratif a, en effet, re\u00e7u, au [&hellip;]<\/p>\n","protected":false},"author":1789,"featured_media":0,"comment_status":"closed","ping_status":"closed","sticky":false,"template":"","format":"standard","meta":{"fifu_image_url":"","fifu_image_alt":"","footnotes":""},"categories":[73,55],"tags":[],"class_list":["post-128344","post","type-post","status-publish","format-standard","hentry","category-actualite","category-tunisie"],"_links":{"self":[{"href":"https:\/\/linitiative.ca\/International\/wp-json\/wp\/v2\/posts\/128344","targetHints":{"allow":["GET"]}}],"collection":[{"href":"https:\/\/linitiative.ca\/International\/wp-json\/wp\/v2\/posts"}],"about":[{"href":"https:\/\/linitiative.ca\/International\/wp-json\/wp\/v2\/types\/post"}],"author":[{"embeddable":true,"href":"https:\/\/linitiative.ca\/International\/wp-json\/wp\/v2\/users\/1789"}],"replies":[{"embeddable":true,"href":"https:\/\/linitiative.ca\/International\/wp-json\/wp\/v2\/comments?post=128344"}],"version-history":[{"count":0,"href":"https:\/\/linitiative.ca\/International\/wp-json\/wp\/v2\/posts\/128344\/revisions"}],"wp:attachment":[{"href":"https:\/\/linitiative.ca\/International\/wp-json\/wp\/v2\/media?parent=128344"}],"wp:term":[{"taxonomy":"category","embeddable":true,"href":"https:\/\/linitiative.ca\/International\/wp-json\/wp\/v2\/categories?post=128344"},{"taxonomy":"post_tag","embeddable":true,"href":"https:\/\/linitiative.ca\/International\/wp-json\/wp\/v2\/tags?post=128344"}],"curies":[{"name":"wp","href":"https:\/\/api.w.org\/{rel}","templated":true}]}}