{"id":128353,"date":"2021-09-27T15:13:29","date_gmt":"2021-09-27T19:13:29","guid":{"rendered":"https:\/\/linitiative.ca\/International\/rajeunissement-de-la-classe-politique-en-rci\/"},"modified":"2021-09-27T15:13:29","modified_gmt":"2021-09-27T19:13:29","slug":"rajeunissement-de-la-classe-politique-en-rci","status":"publish","type":"post","link":"https:\/\/linitiative.ca\/International\/rajeunissement-de-la-classe-politique-en-rci\/","title":{"rendered":"RAJEUNISSEMENT DE LA CLASSE POLITIQUE EN RCI"},"content":{"rendered":"<div>\n<p><img decoding=\"async\" width=\"300\" height=\"168\" src=\"https:\/\/linitiative.ca\/International\/wp-content\/uploads\/sites\/23\/2021\/09\/RCI-1.jpg\" class=\"attachment- size- wp-post-image\" alt=\"\" loading=\"lazy\" style=\"float:left; margin:0 15px 15px 0;\">Le d\u00e9put\u00e9 ind\u00e9pendant et maire de Tiassal\u00e9, Antoine Assal\u00e9 Ti\u00e9moko, vient de relancer le d\u00e9bat sur la limite d\u2019\u00e2ge des candidats \u00e0 la pr\u00e9sidentielle. En effet, dans un post intitul\u00e9 \u00ab\u00a0l\u2019\u00e2ge de la retraite politique\u00a0\u00bb, il a d\u00e9clar\u00e9 qu\u2019il proposerait de restaurer la limite d\u2019\u00e2ge pour les candidats \u00e0 la pr\u00e9sidentielle \u00e0 75 ans. Le \u2026<\/p>\n<p>L\u2019article <a rel=\"nofollow\" href=\"https:\/\/lepays.bf\/rajeunissement-de-la-classe-politique-en-rci\/\">RAJEUNISSEMENT DE LA CLASSE POLITIQUE EN RCI<\/a> est apparu en premier sur <a rel=\"nofollow\" href=\"https:\/\/lepays.bf\/\">Editions Le Pays<\/a>.<\/p>\n<\/div>\n<p>Auteur: Editions LEPAYS<br \/>\n<a href=\"https:\/\/lepays.bf\/rajeunissement-de-la-classe-politique-en-rci\/\">Cliquez ici pour lire l&rsquo;article depuis sa source.<\/a><\/p>\n","protected":false},"excerpt":{"rendered":"<p>Le d\u00e9put\u00e9 ind\u00e9pendant et maire de Tiassal\u00e9, Antoine Assal\u00e9 Ti\u00e9moko, vient de relancer le d\u00e9bat sur la limite d\u2019\u00e2ge des candidats \u00e0 la pr\u00e9sidentielle. En effet, dans un post intitul\u00e9 \u00ab\u00a0l\u2019\u00e2ge de la retraite politique\u00a0\u00bb, il a d\u00e9clar\u00e9 qu\u2019il proposerait de restaurer la limite d\u2019\u00e2ge pour les candidats \u00e0 la pr\u00e9sidentielle \u00e0 75 ans. Le [&hellip;]<\/p>\n","protected":false},"author":1813,"featured_media":0,"comment_status":"closed","ping_status":"closed","sticky":false,"template":"","format":"standard","meta":{"fifu_image_url":"https:\/\/lepays.bf\/wp-content\/uploads\/2021\/09\/RCI-1.jpg","fifu_image_alt":"RAJEUNISSEMENT DE LA CLASSE POLITIQUE EN RCI","footnotes":""},"categories":[73,81],"tags":[],"class_list":["post-128353","post","type-post","status-publish","format-standard","hentry","category-actualite","category-burkina-faso"],"_links":{"self":[{"href":"https:\/\/linitiative.ca\/International\/wp-json\/wp\/v2\/posts\/128353","targetHints":{"allow":["GET"]}}],"collection":[{"href":"https:\/\/linitiative.ca\/International\/wp-json\/wp\/v2\/posts"}],"about":[{"href":"https:\/\/linitiative.ca\/International\/wp-json\/wp\/v2\/types\/post"}],"author":[{"embeddable":true,"href":"https:\/\/linitiative.ca\/International\/wp-json\/wp\/v2\/users\/1813"}],"replies":[{"embeddable":true,"href":"https:\/\/linitiative.ca\/International\/wp-json\/wp\/v2\/comments?post=128353"}],"version-history":[{"count":0,"href":"https:\/\/linitiative.ca\/International\/wp-json\/wp\/v2\/posts\/128353\/revisions"}],"wp:attachment":[{"href":"https:\/\/linitiative.ca\/International\/wp-json\/wp\/v2\/media?parent=128353"}],"wp:term":[{"taxonomy":"category","embeddable":true,"href":"https:\/\/linitiative.ca\/International\/wp-json\/wp\/v2\/categories?post=128353"},{"taxonomy":"post_tag","embeddable":true,"href":"https:\/\/linitiative.ca\/International\/wp-json\/wp\/v2\/tags?post=128353"}],"curies":[{"name":"wp","href":"https:\/\/api.w.org\/{rel}","templated":true}]}}