{"id":128357,"date":"2021-09-27T12:05:34","date_gmt":"2021-09-27T16:05:34","guid":{"rendered":"https:\/\/linitiative.ca\/International\/burkina-le-dialogue-politique-reprend-sous-de-meilleurs-auspices-ministre-de-ladministration\/"},"modified":"2021-09-27T12:05:34","modified_gmt":"2021-09-27T16:05:34","slug":"burkina-le-dialogue-politique-reprend-sous-de-meilleurs-auspices-ministre-de-ladministration","status":"publish","type":"post","link":"https:\/\/linitiative.ca\/International\/burkina-le-dialogue-politique-reprend-sous-de-meilleurs-auspices-ministre-de-ladministration\/","title":{"rendered":"Burkina : Le dialogue politique reprend sous de meilleurs auspices (ministre de l\u2019Administration)"},"content":{"rendered":"<div>\n<p>Burkina : Le dialogue politique entre les acteurs politiques de l\u2019Alliance des partis de la majorit\u00e9 pr\u00e9sidentielle (APMP) et du Chef de file de l\u2019opposition politique (CFOP) a repris ce lundi 27 septembre 2021 \u00e0 Ouagadougou, apr\u00e8s sa suspension le mois de juin dernier.<\/p>\n<p>Selon le ministre de l\u2019Administration territoriale et de la D\u00e9centralisation, Cl\u00e9ment Sawadogo, ce dialogue politique reprend sous de meilleurs auspices. A l\u2019en croire, (les deux parties vont reprendre les discussions l\u00e0 o\u00f9 elles s\u2019\u00e9taient arr\u00eat\u00e9es la derni\u00e8re fois).<\/p>\n<p>Le Chef de d\u00e9l\u00e9gation de la majorit\u00e9 pr\u00e9sidentielle Vincent Dabilgou a salu\u00e9 la volont\u00e9 de tous les acteurs politiques, malgr\u00e9 parfois les divergences, de reprendre le dialogue politique apr\u00e8s sa suspension en juin dernier. (C est un signe de la maturit\u00e9 de la classe politique et de l\u2019engagement des acteurs \u00e0 pr\u00e9server l\u2019int\u00e9r\u00eat Sup\u00e9rieur de la Nation), a-t-il conclu.<\/p>\n<p>Pour le Chef de file de l\u2019opposition, Eddie Komboigo ce rendez-vous permettra d\u2019\u00e9changer autour de grandes questions touchant la vie de la Nation.<\/p>\n<p>Selon le ministre en charge de l\u2019 Administration territoriale,\u00a0 la situation nationale, la question s\u00e9curitaire, la r\u00e9conciliation nationale, la relecture \u00e0 minima du code \u00e9lectoral dans le cadre du d\u00e9roulement des \u00e9lections municipales et r\u00e9gionales de mai 2022, sont entre autres, les sujets qui seront abord\u00e9s au cours de ce dialogue politique. .<\/p>\n<p>AB<\/p>\n<p>L\u2019article <a rel=\"nofollow\" href=\"https:\/\/www.sidwaya.info\/blog\/2021\/09\/27\/burkina-le-dialogue-politique-reprend-sous-de-meilleurs-auspices-ministre-de-ladministration\/\">Burkina : Le dialogue politique reprend sous de meilleurs auspices (ministre de l\u2019Administration)<\/a> est apparu en premier sur <a rel=\"nofollow\" href=\"https:\/\/www.sidwaya.info\/\">Quotidien Sidwaya<\/a>.<\/p>\n<\/div>\n<p>Auteur: BANGRE SIDWAYA<br \/>\n<a href=\"https:\/\/www.sidwaya.info\/blog\/2021\/09\/27\/burkina-le-dialogue-politique-reprend-sous-de-meilleurs-auspices-ministre-de-ladministration\/\">Cliquez ici pour lire l&rsquo;article depuis sa source.<\/a><\/p>\n","protected":false},"excerpt":{"rendered":"<p>Burkina : Le dialogue politique entre les acteurs politiques de l\u2019Alliance des partis de la majorit\u00e9 pr\u00e9sidentielle (APMP) et du Chef de file de l\u2019opposition politique (CFOP) a repris ce lundi 27 septembre 2021 \u00e0 Ouagadougou, apr\u00e8s sa suspension le mois de juin dernier. Selon le ministre de l\u2019Administration territoriale et de la D\u00e9centralisation, Cl\u00e9ment [&hellip;]<\/p>\n","protected":false},"author":1816,"featured_media":0,"comment_status":"closed","ping_status":"closed","sticky":false,"template":"","format":"standard","meta":{"fifu_image_url":"","fifu_image_alt":"","footnotes":""},"categories":[73,81],"tags":[],"class_list":["post-128357","post","type-post","status-publish","format-standard","hentry","category-actualite","category-burkina-faso"],"_links":{"self":[{"href":"https:\/\/linitiative.ca\/International\/wp-json\/wp\/v2\/posts\/128357","targetHints":{"allow":["GET"]}}],"collection":[{"href":"https:\/\/linitiative.ca\/International\/wp-json\/wp\/v2\/posts"}],"about":[{"href":"https:\/\/linitiative.ca\/International\/wp-json\/wp\/v2\/types\/post"}],"author":[{"embeddable":true,"href":"https:\/\/linitiative.ca\/International\/wp-json\/wp\/v2\/users\/1816"}],"replies":[{"embeddable":true,"href":"https:\/\/linitiative.ca\/International\/wp-json\/wp\/v2\/comments?post=128357"}],"version-history":[{"count":0,"href":"https:\/\/linitiative.ca\/International\/wp-json\/wp\/v2\/posts\/128357\/revisions"}],"wp:attachment":[{"href":"https:\/\/linitiative.ca\/International\/wp-json\/wp\/v2\/media?parent=128357"}],"wp:term":[{"taxonomy":"category","embeddable":true,"href":"https:\/\/linitiative.ca\/International\/wp-json\/wp\/v2\/categories?post=128357"},{"taxonomy":"post_tag","embeddable":true,"href":"https:\/\/linitiative.ca\/International\/wp-json\/wp\/v2\/tags?post=128357"}],"curies":[{"name":"wp","href":"https:\/\/api.w.org\/{rel}","templated":true}]}}