{"id":128362,"date":"2021-09-27T12:40:44","date_gmt":"2021-09-27T16:40:44","guid":{"rendered":"https:\/\/linitiative.ca\/International\/cameroun-gustave-ebongue-nouveau-directeur-general-de-matgenie\/"},"modified":"2021-09-27T12:40:44","modified_gmt":"2021-09-27T16:40:44","slug":"cameroun-gustave-ebongue-nouveau-directeur-general-de-matgenie","status":"publish","type":"post","link":"https:\/\/linitiative.ca\/International\/cameroun-gustave-ebongue-nouveau-directeur-general-de-matgenie\/","title":{"rendered":"Cameroun : Gustave Ebongue, nouveau Directeur g\u00e9n\u00e9ral de Matgenie"},"content":{"rendered":"<div>\n<p><img loading=\"lazy\" decoding=\"async\" width=\"810\" height=\"1080\" src=\"https:\/\/linitiative.ca\/International\/wp-content\/uploads\/sites\/23\/2021\/09\/IMG-20210927-WA0053.jpg\" class=\"attachment-post-thumbnail size-post-thumbnail wp-post-image\" alt=\"\" srcset=\"https:\/\/linitiative.ca\/International\/wp-content\/uploads\/sites\/23\/2021\/09\/IMG-20210927-WA0053.jpg 810w, https:\/\/www.journalducameroun.com\/wp-content\/uploads\/2021\/09\/IMG-20210927-WA0053-225x300.jpg 225w, https:\/\/www.journalducameroun.com\/wp-content\/uploads\/2021\/09\/IMG-20210927-WA0053-768x1024.jpg 768w, https:\/\/www.journalducameroun.com\/wp-content\/uploads\/2021\/09\/IMG-20210927-WA0053-330x440.jpg 330w, https:\/\/www.journalducameroun.com\/wp-content\/uploads\/2021\/09\/IMG-20210927-WA0053-600x800.jpg 600w\" sizes=\"auto, (max-width: 810px) 100vw, 810px\"><\/p>\n<h5>\u00a0Un Conseil d\u2019administration extraordinaire ce\u00a0 27 septembre 2021.<\/h5>\n<p>\u00a0<\/p>\n<p>\u00a0<\/p>\n<div id=\"m_6586625951981476212yMail_cursorElementTracker_1632754259551\">C\u2019est aux environs de 15 Heures et\u00a0 25 minutes que la session extraordinaire du Conseil d\u2019administration du Parc national de Mat\u00e9riels de G\u00e9nie civil a d\u00e9but\u00e9 ce lundi 27 septembre 2021, dans la salle des conseils de l\u2019entreprise publique.<\/div>\n<div id=\"m_6586625951981476212yMail_cursorElementTracker_1632754259551\"><\/div>\n<div id=\"m_6586625951981476212yMail_cursorElementTracker_1632754259551\"><\/div>\n<div id=\"m_6586625951981476212yMail_cursorElementTracker_1632754311102\">Quelques minutes avant le d\u00e9but de cette session extraordinaire, il \u00e9tait quasiment impossible d\u2019acc\u00e9der dans les locaux qui abritent cette entreprise publique.<\/div>\n<div id=\"m_6586625951981476212yMail_cursorElementTracker_1632754312119\"><\/div>\n<div id=\"m_6586625951981476212yMail_cursorElementTracker_1632754312661\">Les <a href=\"https:\/\/www.journalducameroun.com\/cameroun-le-matgenie-se-meurt-le-gouvernement-accuse-cameroun\/\">employ\u00e9s venus nombreux manifester leur courroux avaient pris d\u2019assaut depuis quelques jours<\/a>, les voies d\u2019acc\u00e8s du si\u00e8ge social, emp\u00eachant toute activit\u00e9. L\u2019ambiance tendue, les pancartes, la pr\u00e9sence des administrateurs et de la tutelle, laissaient d\u00e9j\u00e0 pr\u00e9sager du s\u00e9rieux de la session du jour. Une session extraordinaire dont les raisons sont li\u00e9es aux remous actuels au\u00a0<strong>Matgenie<\/strong>.<\/div>\n<div id=\"m_6586625951981476212yMail_cursorElementTracker_1632754325870\"><\/div>\n<div id=\"m_6586625951981476212yMail_cursorElementTracker_1632754333176\">Un seul sujet \u00e0 l\u2019ordre du jour, la d\u00e9signation d\u2019un nouveau Directeur g\u00e9n\u00e9ral en la personne de <strong>Gustave Ebongue<\/strong>, ing\u00e9nieur principal de G\u00e9nie civil qui \u00e9tait jusqu\u2019ici directeur g\u00e9n\u00e9ral adjoint, et celle d\u2019un nouveau Directeur g\u00e9n\u00e9ral-adjoint, <strong>Prosper Ateba Enguene<\/strong>.<\/div>\n<div id=\"m_6586625951981476212yMail_cursorElementTracker_1632754353267\"><\/div>\n<div id=\"m_6586625951981476212yMail_cursorElementTracker_1632754269336\">Une r\u00e9union de coordination rappelant les priorit\u00e9s du gouvernement en ce qui concerne le Matgenie est annonc\u00e9e pour le 28 septembre 2021, en pr\u00e9sence du Pr\u00e9sident et des membres du Conseil d\u2019administration.<\/div>\n<p>Cet article <a rel=\"nofollow\" href=\"https:\/\/www.journalducameroun.com\/cameroun-gustave-ebongue-nouveau-directeur-general-de-matgenie\/\">Cameroun : Gustave Ebongue, nouveau Directeur g\u00e9n\u00e9ral de Matgenie<\/a> est apparu en premier sur <a rel=\"nofollow\" href=\"https:\/\/www.journalducameroun.com\/\">Journal du Cameroun<\/a>.<\/p>\n<\/div>\n<p>Auteur: Christian DJIMADEU<br \/>\n<a href=\"https:\/\/www.journalducameroun.com\/cameroun-gustave-ebongue-nouveau-directeur-general-de-matgenie\/\">Cliquez ici pour lire l&rsquo;article depuis sa source.<\/a><\/p>\n","protected":false},"excerpt":{"rendered":"<p>\u00a0Un Conseil d\u2019administration extraordinaire ce\u00a0 27 septembre 2021. \u00a0 \u00a0 C\u2019est aux environs de 15 Heures et\u00a0 25 minutes que la session extraordinaire du Conseil d\u2019administration du Parc national de Mat\u00e9riels de G\u00e9nie civil a d\u00e9but\u00e9 ce lundi 27 septembre 2021, dans la salle des conseils de l\u2019entreprise publique. Quelques minutes avant le d\u00e9but de [&hellip;]<\/p>\n","protected":false},"author":1965,"featured_media":0,"comment_status":"closed","ping_status":"closed","sticky":false,"template":"","format":"standard","meta":{"fifu_image_url":"https:\/\/www.journalducameroun.com\/wp-content\/uploads\/2021\/09\/IMG-20210927-WA0053.jpg","fifu_image_alt":"Cameroun : Gustave Ebongue, nouveau Directeur g\u00e9n\u00e9ral de Matgenie","footnotes":""},"categories":[73,82],"tags":[],"class_list":["post-128362","post","type-post","status-publish","format-standard","hentry","category-actualite","category-cameroun"],"_links":{"self":[{"href":"https:\/\/linitiative.ca\/International\/wp-json\/wp\/v2\/posts\/128362","targetHints":{"allow":["GET"]}}],"collection":[{"href":"https:\/\/linitiative.ca\/International\/wp-json\/wp\/v2\/posts"}],"about":[{"href":"https:\/\/linitiative.ca\/International\/wp-json\/wp\/v2\/types\/post"}],"author":[{"embeddable":true,"href":"https:\/\/linitiative.ca\/International\/wp-json\/wp\/v2\/users\/1965"}],"replies":[{"embeddable":true,"href":"https:\/\/linitiative.ca\/International\/wp-json\/wp\/v2\/comments?post=128362"}],"version-history":[{"count":0,"href":"https:\/\/linitiative.ca\/International\/wp-json\/wp\/v2\/posts\/128362\/revisions"}],"wp:attachment":[{"href":"https:\/\/linitiative.ca\/International\/wp-json\/wp\/v2\/media?parent=128362"}],"wp:term":[{"taxonomy":"category","embeddable":true,"href":"https:\/\/linitiative.ca\/International\/wp-json\/wp\/v2\/categories?post=128362"},{"taxonomy":"post_tag","embeddable":true,"href":"https:\/\/linitiative.ca\/International\/wp-json\/wp\/v2\/tags?post=128362"}],"curies":[{"name":"wp","href":"https:\/\/api.w.org\/{rel}","templated":true}]}}