{"id":128364,"date":"2021-09-27T13:18:44","date_gmt":"2021-09-27T17:18:44","guid":{"rendered":"https:\/\/linitiative.ca\/International\/cameroun-traitement-inhumain-cinq-policiers-devant-la-barre\/"},"modified":"2021-09-27T13:18:44","modified_gmt":"2021-09-27T17:18:44","slug":"cameroun-traitement-inhumain-cinq-policiers-devant-la-barre","status":"publish","type":"post","link":"https:\/\/linitiative.ca\/International\/cameroun-traitement-inhumain-cinq-policiers-devant-la-barre\/","title":{"rendered":"Cameroun-traitement inhumain : cinq policiers devant la barre"},"content":{"rendered":"<div>\n<p><img loading=\"lazy\" decoding=\"async\" width=\"500\" height=\"333\" src=\"https:\/\/linitiative.ca\/International\/wp-content\/uploads\/sites\/23\/2021\/09\/police-camer.jpg\" class=\"attachment-post-thumbnail size-post-thumbnail wp-post-image\" alt=\"\" srcset=\"https:\/\/linitiative.ca\/International\/wp-content\/uploads\/sites\/23\/2021\/09\/police-camer.jpg 500w, https:\/\/www.journalducameroun.com\/wp-content\/uploads\/2020\/01\/police-camer-300x200.jpg 300w\" sizes=\"auto, (max-width: 500px) 100vw, 500px\"><\/p>\n<h5 style=\"text-align: justify;\">Ils ont \u00e9t\u00e9 d\u00e9f\u00e9r\u00e9s au parquet d&rsquo;instance du centre administratif de Yaound\u00e9 le vendredi 24 septembre 202<\/h5>\n<p style=\"text-align: justify;\">\n<p style=\"text-align: justify;\">\n<p style=\"font-weight: 400; text-align: justify;\">Les actes de violence et de torture pratiqu\u00e9s sur le pr\u00e9sum\u00e9 voleur <strong>Tchoumi Cyrille<\/strong> ne sont pas rest\u00e9s impunis. Les policiers, auteurs de ces actes ont \u00e9t\u00e9 d\u00e9f\u00e9r\u00e9s devant au parquet d&rsquo;instance du centre administratif de Yaound\u00e9 le vendredi 24 septembre 2021.<\/p>\n<p style=\"font-weight: 400; text-align: justify;\">Le D\u00e9l\u00e9gu\u00e9 g\u00e9n\u00e9ral de la suret\u00e9 nationale, <strong>Martin Mbarga Nguel\u00e9<\/strong>, avait\u00a0 dans un communiqu\u00e9 confirm\u00e9 les faits de torture de la vid\u00e9o ayant circul\u00e9 sur les r\u00e9seaux sociaux depuis le 16 septembre 2021.\u00a0\u00a0\u00a0Montrant ses collaborateurs\u00a0 du 18<sup>\u00e8me<\/sup>\u00a0arrondissement de Yaound\u00e9,\u00a0 bastonnent\u00a0 le pr\u00e9sum\u00e9 voleur.<\/p>\n<p style=\"font-weight: 400; text-align: justify;\">\u00a0Les actes de tortures \u00e9tant interdits dans le code p\u00e9nal camerounais, Martin Mbarga Nguel\u00e9 avait pr\u00e9cis\u00e9 que les policiers index\u00e9s vont r\u00e9pondre devant les instances judiciaires et disciplinaires comp\u00e9tentes.<\/p>\n<p style=\"font-weight: 400; text-align: justify;\">Egalement,\u00a0 le nomm\u00e9 Kamga William,\u00a0 plaignant et auteur de la vid\u00e9o, r\u00e9pond de son acte.<\/p>\n<p style=\"font-weight: 400; text-align: justify;\">Par ailleurs, le D\u00e9l\u00e9gu\u00e9 g\u00e9n\u00e9ral de la s\u00fbret\u00e9 nationale invite en retour les populations \u00e0 respecter la police et collaborer avec elle. C\u2019est pourquoi le num\u00e9ro vert 1500 fonctionnant sur appel gratuit 24\/24h est \u00e0 leur disposition pour toute d\u00e9nonciation et information utiles.<\/p>\n<p>Cet article <a rel=\"nofollow\" href=\"https:\/\/www.journalducameroun.com\/cameroun-traitement-inhumain-cinq-policiers-devant-la-barre-cameroun\/\">Cameroun-traitement inhumain : cinq policiers devant la barre<\/a> est apparu en premier sur <a rel=\"nofollow\" href=\"https:\/\/www.journalducameroun.com\/\">Journal du Cameroun<\/a>.<\/p>\n<\/div>\n<p>Auteur: Christian DJIMADEU<br \/>\n<a href=\"https:\/\/www.journalducameroun.com\/cameroun-traitement-inhumain-cinq-policiers-devant-la-barre-cameroun\/\">Cliquez ici pour lire l&rsquo;article depuis sa source.<\/a><\/p>\n","protected":false},"excerpt":{"rendered":"<p>Ils ont \u00e9t\u00e9 d\u00e9f\u00e9r\u00e9s au parquet d&rsquo;instance du centre administratif de Yaound\u00e9 le vendredi 24 septembre 202 Les actes de violence et de torture pratiqu\u00e9s sur le pr\u00e9sum\u00e9 voleur Tchoumi Cyrille ne sont pas rest\u00e9s impunis. Les policiers, auteurs de ces actes ont \u00e9t\u00e9 d\u00e9f\u00e9r\u00e9s devant au parquet d&rsquo;instance du centre administratif de Yaound\u00e9 le [&hellip;]<\/p>\n","protected":false},"author":1965,"featured_media":0,"comment_status":"closed","ping_status":"closed","sticky":false,"template":"","format":"standard","meta":{"fifu_image_url":"https:\/\/www.journalducameroun.com\/wp-content\/uploads\/2020\/01\/police-camer.jpg","fifu_image_alt":"Cameroun-traitement inhumain : cinq policiers devant la barre","footnotes":""},"categories":[73,82],"tags":[],"class_list":["post-128364","post","type-post","status-publish","format-standard","hentry","category-actualite","category-cameroun"],"_links":{"self":[{"href":"https:\/\/linitiative.ca\/International\/wp-json\/wp\/v2\/posts\/128364","targetHints":{"allow":["GET"]}}],"collection":[{"href":"https:\/\/linitiative.ca\/International\/wp-json\/wp\/v2\/posts"}],"about":[{"href":"https:\/\/linitiative.ca\/International\/wp-json\/wp\/v2\/types\/post"}],"author":[{"embeddable":true,"href":"https:\/\/linitiative.ca\/International\/wp-json\/wp\/v2\/users\/1965"}],"replies":[{"embeddable":true,"href":"https:\/\/linitiative.ca\/International\/wp-json\/wp\/v2\/comments?post=128364"}],"version-history":[{"count":0,"href":"https:\/\/linitiative.ca\/International\/wp-json\/wp\/v2\/posts\/128364\/revisions"}],"wp:attachment":[{"href":"https:\/\/linitiative.ca\/International\/wp-json\/wp\/v2\/media?parent=128364"}],"wp:term":[{"taxonomy":"category","embeddable":true,"href":"https:\/\/linitiative.ca\/International\/wp-json\/wp\/v2\/categories?post=128364"},{"taxonomy":"post_tag","embeddable":true,"href":"https:\/\/linitiative.ca\/International\/wp-json\/wp\/v2\/tags?post=128364"}],"curies":[{"name":"wp","href":"https:\/\/api.w.org\/{rel}","templated":true}]}}