{"id":128366,"date":"2021-09-27T13:28:55","date_gmt":"2021-09-27T17:28:55","guid":{"rendered":"https:\/\/linitiative.ca\/International\/cameroun-la-surveillance-communautaire-du-vih-sida-coute-780-millions-fcfa\/"},"modified":"2021-09-27T13:28:55","modified_gmt":"2021-09-27T17:28:55","slug":"cameroun-la-surveillance-communautaire-du-vih-sida-coute-780-millions-fcfa","status":"publish","type":"post","link":"https:\/\/linitiative.ca\/International\/cameroun-la-surveillance-communautaire-du-vih-sida-coute-780-millions-fcfa\/","title":{"rendered":"Cameroun : La surveillance communautaire du VIH\/sida co\u00fbte 780 millions FCFA"},"content":{"rendered":"<div>\n<p><img loading=\"lazy\" decoding=\"async\" width=\"604\" height=\"361\" src=\"https:\/\/linitiative.ca\/International\/wp-content\/uploads\/sites\/23\/2021\/09\/Screenshot_20210927-112658_1.jpg\" class=\"attachment-post-thumbnail size-post-thumbnail wp-post-image\" alt=\"\" srcset=\"https:\/\/linitiative.ca\/International\/wp-content\/uploads\/sites\/23\/2021\/09\/Screenshot_20210927-112658_1.jpg 604w, https:\/\/www.journalducameroun.com\/wp-content\/uploads\/2021\/09\/Screenshot_20210927-112658_1-300x179.jpg 300w, https:\/\/www.journalducameroun.com\/wp-content\/uploads\/2021\/09\/Screenshot_20210927-112658_1-600x359.jpg 600w\" sizes=\"auto, (max-width: 604px) 100vw, 604px\"><\/p>\n<h5>Elle est subventionn\u00e9e par le gouvernement am\u00e9ricain pour le triennat 2022-2024.<\/h5>\n<p>\u00a0<\/p>\n<p>\u00a0<\/p>\n<div>Le minist\u00e8re de la Sant\u00e9 publique aux c\u00f4t\u00e9s des partenaires, a officiellement lanc\u00e9 en ao\u00fbt 2021, le <strong>projet de<\/strong> <strong>suivi communautaire du VIH\/Sida.<\/strong><\/div>\n<div><\/div>\n<div>Ce projet est mis en \u0153uvre par le R\u00e9seau camerounais des associations de personnes vivant avec le VIH (<strong>Recap+<\/strong>).\u00a0 Subventionn\u00e9 \u00e0 hauteur de 780 millions FCFA , par le gouvernement am\u00e9ricain pour am\u00e9liorer les syst\u00e8mes de suivi communautaire participatif des services VIH au cours des trois prochaines ann\u00e9es dans 147\u00a0 centres de sant\u00e9 \u00e0 travers les dix r\u00e9gions du<strong> Cameroun<\/strong>.<\/div>\n<div><\/div>\n<div>En d&rsquo;autres termes, il s&rsquo;agit d&rsquo;un engagement du Cameroun \u00e0 \u00e9liminer les co\u00fbts de services aux patients du VIH.<\/div>\n<div><\/div>\n<div id=\"m_-5258895360789591425yMail_cursorElementTracker_1632740046320\">Les <strong>\u00c9tats-Unis<\/strong> restent d\u00e9termin\u00e9s \u00e0 soutenir le Cameroun pour mettre fin au VIH\/SIDA en tant que menace de sant\u00e9 publique d\u2019ici \u00e0 2030.<\/div>\n<p>Cet article <a rel=\"nofollow\" href=\"https:\/\/www.journalducameroun.com\/cameroun-la-surveillance-communautaire-du-vih-sida-coute-780-millions-fcfa-cameroun\/\">Cameroun : La surveillance communautaire du VIH\/sida co\u00fbte 780 millions FCFA<\/a> est apparu en premier sur <a rel=\"nofollow\" href=\"https:\/\/www.journalducameroun.com\/\">Journal du Cameroun<\/a>.<\/p>\n<\/div>\n<p>Auteur: Christian DJIMADEU<br \/>\n<a href=\"https:\/\/www.journalducameroun.com\/cameroun-la-surveillance-communautaire-du-vih-sida-coute-780-millions-fcfa-cameroun\/\">Cliquez ici pour lire l&rsquo;article depuis sa source.<\/a><\/p>\n","protected":false},"excerpt":{"rendered":"<p>Elle est subventionn\u00e9e par le gouvernement am\u00e9ricain pour le triennat 2022-2024. \u00a0 \u00a0 Le minist\u00e8re de la Sant\u00e9 publique aux c\u00f4t\u00e9s des partenaires, a officiellement lanc\u00e9 en ao\u00fbt 2021, le projet de suivi communautaire du VIH\/Sida. Ce projet est mis en \u0153uvre par le R\u00e9seau camerounais des associations de personnes vivant avec le VIH (Recap+).\u00a0 [&hellip;]<\/p>\n","protected":false},"author":1965,"featured_media":0,"comment_status":"closed","ping_status":"closed","sticky":false,"template":"","format":"standard","meta":{"fifu_image_url":"https:\/\/www.journalducameroun.com\/wp-content\/uploads\/2021\/09\/Screenshot_20210927-112658_1.jpg","fifu_image_alt":"Cameroun : La surveillance communautaire du VIH\/sida co\u00fbte 780 millions FCFA","footnotes":""},"categories":[73,82],"tags":[],"class_list":["post-128366","post","type-post","status-publish","format-standard","hentry","category-actualite","category-cameroun"],"_links":{"self":[{"href":"https:\/\/linitiative.ca\/International\/wp-json\/wp\/v2\/posts\/128366","targetHints":{"allow":["GET"]}}],"collection":[{"href":"https:\/\/linitiative.ca\/International\/wp-json\/wp\/v2\/posts"}],"about":[{"href":"https:\/\/linitiative.ca\/International\/wp-json\/wp\/v2\/types\/post"}],"author":[{"embeddable":true,"href":"https:\/\/linitiative.ca\/International\/wp-json\/wp\/v2\/users\/1965"}],"replies":[{"embeddable":true,"href":"https:\/\/linitiative.ca\/International\/wp-json\/wp\/v2\/comments?post=128366"}],"version-history":[{"count":0,"href":"https:\/\/linitiative.ca\/International\/wp-json\/wp\/v2\/posts\/128366\/revisions"}],"wp:attachment":[{"href":"https:\/\/linitiative.ca\/International\/wp-json\/wp\/v2\/media?parent=128366"}],"wp:term":[{"taxonomy":"category","embeddable":true,"href":"https:\/\/linitiative.ca\/International\/wp-json\/wp\/v2\/categories?post=128366"},{"taxonomy":"post_tag","embeddable":true,"href":"https:\/\/linitiative.ca\/International\/wp-json\/wp\/v2\/tags?post=128366"}],"curies":[{"name":"wp","href":"https:\/\/api.w.org\/{rel}","templated":true}]}}