{"id":128371,"date":"2021-09-27T11:06:33","date_gmt":"2021-09-27T15:06:33","guid":{"rendered":"https:\/\/linitiative.ca\/International\/electrification-rurale-600-mw-a-capter-dans-les-petites-centrales-electriques\/"},"modified":"2021-09-27T11:06:33","modified_gmt":"2021-09-27T15:06:33","slug":"electrification-rurale-600-mw-a-capter-dans-les-petites-centrales-electriques","status":"publish","type":"post","link":"https:\/\/linitiative.ca\/International\/electrification-rurale-600-mw-a-capter-dans-les-petites-centrales-electriques\/","title":{"rendered":"Electrification rurale : 600 MW \u00e0 capter dans les petites centrales \u00e9lectriques"},"content":{"rendered":"<div>\n<p>Plus d\u2019\u00e9lectricit\u00e9, propre et \u00e0 moindre co\u00fbt pour les populations d\u2019Essekou (r\u00e9gion du Littoral) et de Foyemtcha (r\u00e9gion de l\u2019Ouest), le r\u00eave est permis. L\u2019Organisation des Nations unies pour le D\u00e9veloppement industriel (Onudi) en a m\u00eame fait son affaire. Le 20 septembre 2021, le repr\u00e9sentant r\u00e9sident Onudi au Cameroun et en Afrique centrale, Raymond Tavares, a proc\u00e9d\u00e9 \u00e0 la remise des \u00e9tudes d\u2019avant-projets d\u00e9taill\u00e9s r\u00e9alis\u00e9es sur deux sites de petite hydro-\u00e9lectricit\u00e9 \u00e0 Banfang, d\u00e9partement du Haut-Nkam, r\u00e9gion de l\u2019Ouest et \u00e0 Manjo, d\u00e9partement du Mungo, r\u00e9gion du Littoral.<\/p>\n<p><strong>Lire aussi<\/strong> : <strong><a href=\"https:\/\/ecomatin.net\/la-centrale-hydroelectrique-de-mbakaou-carriere-recoit-2-conduites-forcees\/\">La centrale hydro\u00e9lectrique de Mbakaou Carri\u00e8re re\u00e7oit 2 conduites forc\u00e9es<\/a><\/strong><\/p>\n<p>Ces \u00e9tudes qui ont \u00e9t\u00e9 men\u00e9es respectivement sur la rivi\u00e8re \u00ab La Dibomb\u00e9 \u00bb \u00e0 Manjo (4,6Mw); et sur la rivi\u00e8re \u00ab Mouankeu \u00bb \u00e0 Bafang (3,4Mw) s\u2019inscrivent dans le cadre de la mise en \u0153uvre du projet de promotion de la biomasse int\u00e9gr\u00e9e (mati\u00e8re organique d\u2019origine v\u00e9g\u00e9tale, animale, bact\u00e9rienne ou fongique, utilisable comme source d\u2019\u00e9nergie) et des petites hydro-solutions (centrale \u00e9lectrique utilisant l\u2019\u00e9nergie hydraulique pour produire de l\u2019\u00e9lectricit\u00e9 \u00e0 petite \u00e9chelle) \u00e0 des fins productives dans les zones rurales.<\/p>\n<p>Selon, Raymond Tavares, \u201cl\u2019Onudi estime que la construction de petites centrales hydro\u00e9lectriques au fil de l\u2019eau dans les zones rurales peut pr\u00e9senter des avantages pour les \u00e9conomies rurales locales et pour le pays dans son ensemble.\u201d Le ministre de l\u2019Eau et de l\u2019Energie, Gaston Eloundou Essomba rappelle que le gouvernement est r\u00e9solument engag\u00e9 dans l\u2019exploration de toutes les pistes permettant d\u2019offrir une \u00e9nergie de qualit\u00e9 aux populations. Dans ce sens, apr\u00e8s le recensement et l\u2019identification sur l\u2019ensemble des 10 R\u00e9gions du pays, de 243 sites hydro\u00e9lectriques de moins de 5 MW entre 2012 et 2013, un programme de d\u00e9veloppement de 50 petites Centrales hydro\u00e9lectriques a \u00e9t\u00e9 mis en place.<\/p>\n<p><strong>Lire aussi<\/strong> : <strong><a href=\"https:\/\/ecomatin.net\/production-delectricite-edc-garant-des-quatre-barrages-reservoirs-du-cameroun\/\">Production d\u2019\u00e9lectricit\u00e9 : EDC garant des quatre barrages r\u00e9servoirs du Cameroun<\/a><\/strong><\/p>\n<p>Selon les analystes, le Cameroun a un grand potentiel encore inexploit\u00e9 en terme de sites appropri\u00e9s pour l\u2019installation de Petite Centrale Hydro\u00e9lectrique (PCH). Le potentiel en termes de capacit\u00e9 de la petite hydro\u00e9lectricit\u00e9 est de 600 m\u00e9gawatts.\u00a0A peine deux m\u00e9gawatts sont d\u00e9velopp\u00e9s.<\/p>\n<p><strong>Mbakaou en exemple<\/strong><\/p>\n<p>Pourtant, le coordonnateur national du projet Onudi-FEM, Francis Nzukou Djoughem explique \u201cqu\u2019en travaillant sur toute la cha\u00eene de valeurs de la petite hydro\u00e9lectricit\u00e9, on permet que le mix \u00e9nerg\u00e9tique surtout en termes d\u2019\u00e9nergies renouvelables au Cameroun, soit atteint. Il est question d\u2019aider le pays \u00e0 atteindre ses objectifs par exemple dans la contribution d\u00e9termin\u00e9e au niveau national, o\u00f9 le Cameroun vise un objectif de 25% d\u2019\u00e9nergies renouvelables dans le mix \u00e9nerg\u00e9tique, dont 11% de petite hydro\u00e9lectricit\u00e9 \u00e0 l\u2019horizon 2035.\u201d<\/p>\n<p><strong>Lire aussi<\/strong> : <strong><a href=\"https:\/\/ecomatin.net\/lagence-delectrification-rurale-bientot-aux-commandes-de-350-localites-alimentees-par-des-centrales-solaires\/\">L\u2019Agence d\u2019\u00e9lectrification rurale bient\u00f4t aux commandes de 350 localit\u00e9s aliment\u00e9es par des centrales solaires<\/a><\/strong><\/p>\n<p>Le projet de\u00a0barrage de Mbakaou, en chantier depuis le 20 juin 2019, est la premi\u00e8re Petite Centrale Hydro\u00e9lectrique \u00e0 \u00eatre d\u00e9velopp\u00e9e sur initiative priv\u00e9e dans le pays. \u201cNous esp\u00e9rons qu\u2019elle ouvrira la voie \u00e0 beaucoup d\u2019autres\u201d, explique le Chef de la D\u00e9l\u00e9gation de l\u2019UE au Cameroun, Philippe Van Damme. L\u2019Union Europ\u00e9enne soutient le projet avec une contribution de 1,64 milliard de FCFA. L\u2019ouvrage est presque achev\u00e9 et d\u00e8s la fin de l\u2019ann\u00e9e, va produire de l\u2019\u00e9lectricit\u00e9 propre et fiable pour alimenter 4500 abonn\u00e9s dans les localit\u00e9s de Tibati, Mbakaou, et des villages situ\u00e9s le long de l\u2019axe Mbakaou-Tibati, zone o\u00f9 vivent plus de 40 000 habitants.<\/p>\n<p><strong>Lire aussi<\/strong> : <strong><a href=\"https:\/\/ecomatin.net\/energie-electrique-le-plaidoyer-du-minee-devantt-le-secteurr-prive\/\">Energie \u00e9lectriq<\/a>ue : le plaidoyer du Minee devant le secteur priv\u00e9<\/strong><\/p>\n<p>Pour le directeur g\u00e9n\u00e9ral de l\u2019Agence d\u2019\u00e9lectrification rurale, Ousmanou Moussa, \u201cla petite centrale de Mbakaou est un mod\u00e8le en mati\u00e8re de production et de distribution de l\u2019\u00e9lectricit\u00e9 en \u00e9lectrification rurale d\u00e9centralis\u00e9e.\u201d \u201cPar sa taille et son niveau technologique, il ouvre de larges perspectives pour le d\u00e9veloppement de l\u2019\u00e9lectrification rurale sur la base des ressources locales\u201d, rench\u00e9rit le directeur g\u00e9n\u00e9ral de l\u2019Agence de r\u00e9gulation du secteur de l\u2019\u00e9lectricit\u00e9, Jean Pascal Nkou.<\/p>\n<p>L\u2019article <a rel=\"nofollow\" href=\"https:\/\/ecomatin.net\/electrification-rurale-600-mw-a-capter-dans-les-petites-centrales-electriques\/\">Electrification rurale : 600 MW \u00e0 capter dans les petites centrales \u00e9lectriques<\/a> est apparu en premier sur <a rel=\"nofollow\" href=\"https:\/\/ecomatin.net\/\">EcoMatin<\/a>.<\/p>\n<\/div>\n<p>Auteur: Philipe NSOA<br \/>\n<a href=\"https:\/\/ecomatin.net\/electrification-rurale-600-mw-a-capter-dans-les-petites-centrales-electriques\/\">Cliquez ici pour lire l&rsquo;article depuis sa source.<\/a><\/p>\n","protected":false},"excerpt":{"rendered":"<p>Plus d\u2019\u00e9lectricit\u00e9, propre et \u00e0 moindre co\u00fbt pour les populations d\u2019Essekou (r\u00e9gion du Littoral) et de Foyemtcha (r\u00e9gion de l\u2019Ouest), le r\u00eave est permis. L\u2019Organisation des Nations unies pour le D\u00e9veloppement industriel (Onudi) en a m\u00eame fait son affaire. Le 20 septembre 2021, le repr\u00e9sentant r\u00e9sident Onudi au Cameroun et en Afrique centrale, Raymond Tavares, [&hellip;]<\/p>\n","protected":false},"author":1969,"featured_media":0,"comment_status":"closed","ping_status":"closed","sticky":false,"template":"","format":"standard","meta":{"fifu_image_url":"","fifu_image_alt":"","footnotes":""},"categories":[82,78],"tags":[],"class_list":["post-128371","post","type-post","status-publish","format-standard","hentry","category-cameroun","category-economie"],"_links":{"self":[{"href":"https:\/\/linitiative.ca\/International\/wp-json\/wp\/v2\/posts\/128371","targetHints":{"allow":["GET"]}}],"collection":[{"href":"https:\/\/linitiative.ca\/International\/wp-json\/wp\/v2\/posts"}],"about":[{"href":"https:\/\/linitiative.ca\/International\/wp-json\/wp\/v2\/types\/post"}],"author":[{"embeddable":true,"href":"https:\/\/linitiative.ca\/International\/wp-json\/wp\/v2\/users\/1969"}],"replies":[{"embeddable":true,"href":"https:\/\/linitiative.ca\/International\/wp-json\/wp\/v2\/comments?post=128371"}],"version-history":[{"count":0,"href":"https:\/\/linitiative.ca\/International\/wp-json\/wp\/v2\/posts\/128371\/revisions"}],"wp:attachment":[{"href":"https:\/\/linitiative.ca\/International\/wp-json\/wp\/v2\/media?parent=128371"}],"wp:term":[{"taxonomy":"category","embeddable":true,"href":"https:\/\/linitiative.ca\/International\/wp-json\/wp\/v2\/categories?post=128371"},{"taxonomy":"post_tag","embeddable":true,"href":"https:\/\/linitiative.ca\/International\/wp-json\/wp\/v2\/tags?post=128371"}],"curies":[{"name":"wp","href":"https:\/\/api.w.org\/{rel}","templated":true}]}}