{"id":128372,"date":"2021-09-27T11:14:26","date_gmt":"2021-09-27T15:14:26","guid":{"rendered":"https:\/\/linitiative.ca\/International\/filiere-cacao-hausse-du-prix-du-kilogramme-otage-des-speculations-boursieres\/"},"modified":"2021-09-27T11:14:26","modified_gmt":"2021-09-27T15:14:26","slug":"filiere-cacao-hausse-du-prix-du-kilogramme-otage-des-speculations-boursieres","status":"publish","type":"post","link":"https:\/\/linitiative.ca\/International\/filiere-cacao-hausse-du-prix-du-kilogramme-otage-des-speculations-boursieres\/","title":{"rendered":"Fili\u00e8re cacao : hausse du prix du kilogramme, otage des sp\u00e9culations boursi\u00e8res"},"content":{"rendered":"<div>\n<p>Au jeudi 23 septembre 2021, le prix d\u2019achat du kilogramme de cacao se situe \u00e0 un minimum de 1100 FCFA, selon les donn\u00e9es de l\u2019Office National du Cacao et du Caf\u00e9 (Oncc). Au premier septembre, cette m\u00eame quantit\u00e9 \u00e9tait achet\u00e9e au prix minimum de 950 FCFA. Il va sans dire qu\u2019en l\u2019espace de trois semaines, le prix du kilogramme a \u00e9t\u00e9 rench\u00e9ri avec une marge haussi\u00e8re allant jusqu\u2019\u00e0 150 FCFA. Ce nouveau rench\u00e9rissement des prix de la f\u00e8ve dans les bassins de production, deux mois apr\u00e8s le lancement de la campagne cacaoy\u00e8re en cours, intervient en pleine saison des pluies, p\u00e9riode g\u00e9n\u00e9ralement marqu\u00e9e par une r\u00e9duction des prix cons\u00e9cutive aux difficult\u00e9s d\u2019acc\u00e8s dans les bassins de production. Une tendance qui donne mati\u00e8re \u00e0 s\u2019interroger sur ce contraste, qui laisse penser que la demande de f\u00e8ves est de plus en plus \u00e9lev\u00e9e. Pas forc\u00e9ment.<\/p>\n<p><strong>Lire aussi<\/strong> : <strong><a href=\"https:\/\/ecomatin.net\/filiere-cacao-la-transformation-locale-en-hausse-de-33-lors-s-de-la-campagne-2020-2021\/\">Fili\u00e8re cacao : la transformation locale en hausse de 3,3% lors de la campagne 2020\/2021<\/a><\/strong><\/p>\n<p>A l\u2019Office National du Cacao et du Caf\u00e9, on croit savoir que ceci r\u00e9sulte davantage des facteurs exog\u00e8nes que de la disponibilit\u00e9 des stocks. Une source interne \u00e0 l\u2019office indique que le Cameroun subit les tendances du march\u00e9 boursier qui est essentiellement sp\u00e9culatif, et les variations des prix au quotidien sont fonction de ces sp\u00e9culations boursi\u00e8res. Aussi, notre analyste croit savoir que la nature est \u00e9galement un facteur d\u00e9terminant dans les ajustements des prix, ce que corrobore Alexis Joseph Koundi, Pr\u00e9sident National de la Conf\u00e9d\u00e9ration Nationale des Producteurs de Cacao et de Caf\u00e9 du Cameroun (Conaprocam) : \u00ab Nous constatons dans nos champs un retard dans le murissement des cabosses et la perte de beaucoup de cherelles aux mois de Juin et Juillet. Nous attribuons cela au changement climatique. On se retrouve \u00e0 cette p\u00e9riode en saison pluvieuse avec un niveau de r\u00e9colte bas, du fait de ces facteurs, alors que la demande est tr\u00e8s forte.\u00a0Ce qui peut justifier cette hausse \u00bb.<\/p>\n<p><strong>Lire aussi<\/strong> : <strong><a href=\"https:\/\/ecomatin.net\/cacao-cafe-un-guichet-producteur-de-62-milliards-pour-booster-la-filiere\/\">Cacao-caf\u00e9 : un guichet producteur de 6,2 milliards pour booster la fili\u00e8re<\/a><\/strong><\/p>\n<p>Depuis la derni\u00e8re campagne cacaoy\u00e8re, la nature semble avoir jou\u00e9 d\u2019un contraste insoup\u00e7onn\u00e9. Alors qu\u2019on \u00e9tait en plein dans la pand\u00e9mie de Coronavirus, marqu\u00e9e par de restrictions diverses et qu\u2019on s\u2019attendait \u00e0 des cons\u00e9quences sur la productivit\u00e9, le Cameroun a plut\u00f4t enregistr\u00e9 une production en hausse au cours de la campagne 2020-2021. Le pays a produit 292.471 tonnes, soit une hausse de 35.319 tonnes par rapport \u00e0 la pr\u00e9c\u00e9dente campagne, et 12% en valeur relative. Il s\u2019agissait alors de sa meilleure production sur les six derni\u00e8res campagnes.<\/p>\n<p><strong>Prix bord champ controvers\u00e9<\/strong><\/p>\n<p>A l\u2019Oncc, on sp\u00e9cule cependant sur une baisse probable du kilogramme de cacao en octobre, p\u00e9riode qui sied avec la disponibilit\u00e9 des grands volumes de production, et le lancement de la campagne cacaoy\u00e8re en C\u00f4te d\u2019Ivoire, premier producteur mondial de cacao. Une baisse qui ne devrait pas convenir aux producteurs, qui militent tout le temps pour une revalorisation du prix du kilogramme. D\u00e9j\u00e0 qu\u2019ils ne per\u00e7oivent pas derri\u00e8re le rench\u00e9rissement survenu ces derni\u00e8res semaines sur les prix de la f\u00e8ve une aubaine. \u00ab La suppos\u00e9e embellie ne se fait malheureusement pas ressentir par le producteur qui b\u00e9n\u00e9ficie du prix bord champ. Au vu de ce qui se passe dans la commercialisation, les prix qui nous sont propos\u00e9s par le march\u00e9 mondial sont des prix qui ne sont pas justes car ne couvrant pas nos charges de production et ne nous permettant pas de vivre d\u00e9cemment \u00bb, d\u00e9plore le pr\u00e9sident du Conaprocam.<\/p>\n<p><strong>Lire aussi<\/strong> : <strong><a href=\"https:\/\/ecomatin.net\/filiere-cacao-le-cameroun-a-produit-292471-millions-de-tonnes-lors-de-la-campagne-2020-2021\/\">Fili\u00e8re cacao : le Cameroun a produit 292,471 millions de kg lors de la campagne 2020-2021<\/a><\/strong><\/p>\n<p>Et pourtant, du c\u00f4t\u00e9 du gouvernement, on estime que les producteurs camerounais sont parmi les mieux lotis du continent, avec des prix bord champ rivalisant avec ceux des autres pays producteurs. \u00ab Les producteurs camerounais, \u00e0 la faveur d\u2019une organisation interne certes perfectible, mais performante, et gr\u00e2ce \u00e0 une politique de pr\u00e9l\u00e8vement \u00e0 l\u2019export pr\u00e9venante, ont continu\u00e9 de percevoir une r\u00e9mun\u00e9ration bord champ largement sup\u00e9rieure aux prix en vigueur dans les autres pays producteurs \u00bb, soutenait le ministre du Commerce, Luc Magloire Mbarga Atangana, lors du lancement de la campagne cacaoy\u00e8re 2021-2022 au mois d\u2019ao\u00fbt dernier.<\/p>\n<p>L\u2019article <a rel=\"nofollow\" href=\"https:\/\/ecomatin.net\/filiere-cacao-hausse-du-prix-du-kilogramme-otage-des-speculations-boursieres\/\">Fili\u00e8re cacao : hausse du prix du kilogramme, otage des sp\u00e9culations boursi\u00e8res<\/a> est apparu en premier sur <a rel=\"nofollow\" href=\"https:\/\/ecomatin.net\/\">EcoMatin<\/a>.<\/p>\n<\/div>\n<p>Auteur: Yannick KENNE<br \/>\n<a href=\"https:\/\/ecomatin.net\/filiere-cacao-hausse-du-prix-du-kilogramme-otage-des-speculations-boursieres\/\">Cliquez ici pour lire l&rsquo;article depuis sa source.<\/a><\/p>\n","protected":false},"excerpt":{"rendered":"<p>Au jeudi 23 septembre 2021, le prix d\u2019achat du kilogramme de cacao se situe \u00e0 un minimum de 1100 FCFA, selon les donn\u00e9es de l\u2019Office National du Cacao et du Caf\u00e9 (Oncc). Au premier septembre, cette m\u00eame quantit\u00e9 \u00e9tait achet\u00e9e au prix minimum de 950 FCFA. Il va sans dire qu\u2019en l\u2019espace de trois semaines, [&hellip;]<\/p>\n","protected":false},"author":1969,"featured_media":0,"comment_status":"closed","ping_status":"closed","sticky":false,"template":"","format":"standard","meta":{"fifu_image_url":"","fifu_image_alt":"","footnotes":""},"categories":[82,78],"tags":[],"class_list":["post-128372","post","type-post","status-publish","format-standard","hentry","category-cameroun","category-economie"],"_links":{"self":[{"href":"https:\/\/linitiative.ca\/International\/wp-json\/wp\/v2\/posts\/128372","targetHints":{"allow":["GET"]}}],"collection":[{"href":"https:\/\/linitiative.ca\/International\/wp-json\/wp\/v2\/posts"}],"about":[{"href":"https:\/\/linitiative.ca\/International\/wp-json\/wp\/v2\/types\/post"}],"author":[{"embeddable":true,"href":"https:\/\/linitiative.ca\/International\/wp-json\/wp\/v2\/users\/1969"}],"replies":[{"embeddable":true,"href":"https:\/\/linitiative.ca\/International\/wp-json\/wp\/v2\/comments?post=128372"}],"version-history":[{"count":0,"href":"https:\/\/linitiative.ca\/International\/wp-json\/wp\/v2\/posts\/128372\/revisions"}],"wp:attachment":[{"href":"https:\/\/linitiative.ca\/International\/wp-json\/wp\/v2\/media?parent=128372"}],"wp:term":[{"taxonomy":"category","embeddable":true,"href":"https:\/\/linitiative.ca\/International\/wp-json\/wp\/v2\/categories?post=128372"},{"taxonomy":"post_tag","embeddable":true,"href":"https:\/\/linitiative.ca\/International\/wp-json\/wp\/v2\/tags?post=128372"}],"curies":[{"name":"wp","href":"https:\/\/api.w.org\/{rel}","templated":true}]}}