{"id":128373,"date":"2021-09-27T12:28:17","date_gmt":"2021-09-27T16:28:17","guid":{"rendered":"https:\/\/linitiative.ca\/International\/a-cause-des-impayes-de-letat-eneo-renoue-avec-les-delestages-dans-le-grand-nord\/"},"modified":"2021-09-27T12:28:17","modified_gmt":"2021-09-27T16:28:17","slug":"a-cause-des-impayes-de-letat-eneo-renoue-avec-les-delestages-dans-le-grand-nord","status":"publish","type":"post","link":"https:\/\/linitiative.ca\/International\/a-cause-des-impayes-de-letat-eneo-renoue-avec-les-delestages-dans-le-grand-nord\/","title":{"rendered":"A cause des impay\u00e9s de l\u2019Etat, Eneo renoue avec les d\u00e9lestages dans le grand Nord"},"content":{"rendered":"<div>\n<p>Les populations des r\u00e9gions de l\u2019Adamaoua et de l\u2019Extr\u00eame-Nord, connect\u00e9es au R\u00e9seau Interconnect\u00e9 Nord (RIN) broient du noir, \u00e0 la suite des coupures intempestives d\u2019\u00e9lectricit\u00e9. De nombreuses localit\u00e9s sont priv\u00e9es d\u2019\u00e9nergie \u00e9lectrique, parfois pour des journ\u00e9es enti\u00e8res, avec comme cons\u00e9quence in\u00e9luctable un ralentissement de l\u2019activit\u00e9 \u00e9conomique dans les trois r\u00e9gions, non sans compter le climat d\u2019ins\u00e9curit\u00e9 que favorise cette situation. Les habitants des trois r\u00e9gions ont fini par s\u2019y habituer, et croient savoir qu\u2019\u00e0 l\u2019origine des coupures de ces derniers jours, \u00ab\u00a0l\u2019entreprise Eneo ne dispose plus de gasoil pour alimenter les groupes \u00e9lectrog\u00e8nes\u00a0\u00bb, a souffl\u00e9 un habitant de Garoua \u00e0 EcoMatin la semaine derni\u00e8re.<\/p>\n<p><strong>Lire aussi<\/strong> : <strong><a href=\"https:\/\/ecomatin.net\/secteurr-de-lelectricite-eneo-revendique-des-impayess-de-163-milliards-a-letat\/\">Secteur de l\u2019\u00e9lectricit\u00e9 : Eneo revendique des impay\u00e9s de 163 milliards \u00e0 l\u2019Etat<\/a><\/strong><\/p>\n<p>Une r\u00e9v\u00e9lation que ne r\u00e9fute pas pour autant le concessionnaire du service public de la distribution de l\u2019\u00e9nergie \u00e9lectrique au Cameroun, qui reconnait que \u00ab\u00a0le niveau des apports en eau observ\u00e9 sur la retenue du barrage de Lagdo depuis le d\u00e9but des crues 2021 est particuli\u00e8rement bas, traduisant une hydraulicit\u00e9 historiquement faible sur le bassin, pire que celle enregistr\u00e9e l\u2019ann\u00e9e derni\u00e8re\u00a0\u00bb, acquiesce Eneo, dans une note d\u2019information publi\u00e9e le dimanche 26 septembre 2021.<\/p>\n<p><strong>Lire aussi<\/strong> : <strong><a href=\"https:\/\/ecomatin.net\/electricite-le-gouvernementt-accuse-eneo-ett-sonatrel-pour-les-delestages\/\">Electricit\u00e9 : le gouvernement accuse Eneo et Sonatrel pour les d\u00e9lestages<\/a><\/strong><\/p>\n<p>Cette faible hydraulicit\u00e9 entraine in\u00e9luctablement une quantit\u00e9 insuffisante d\u2019\u00e9nergie \u00e9lectrique pour couvrir les besoins en \u00e9nergie de la r\u00e9gion. Par cons\u00e9quent, Eneo se trouve contraint de recourir \u00e0 des sources alternatives, notamment ses centrales thermiques, lesquelles sont \u00e9galement confront\u00e9es depuis quelques temps \u00e0 une p\u00e9nurie de combustibles pour assurer leur fonctionnement sans anicroches. \u00ab\u00a0Le d\u00e9ficit qui en d\u00e9coule est aggrav\u00e9 par des difficult\u00e9s dans l\u2019approvisionnement en combustibles des centrales thermiques du R\u00e9seau Interconnect\u00e9 Nord. Cette unique alternative actuelle n\u00e9cessite des besoins importants et r\u00e9guliers en tr\u00e9sorerie en constante croissance, en plus des complexit\u00e9s logistiques\u00a0\u00bb, ajoute Eneo.<\/p>\n<p><strong>L\u2019Etat au banc des accus\u00e9s<\/strong><\/p>\n<p>Au demeurant, l\u2019\u00e9nerg\u00e9ticien refuse de se coltiner tout seul la responsabilit\u00e9 de cette situation. Il estime que malgr\u00e9 la faible hydraulicit\u00e9 du barrage de Lagdo, le rationnement aurait n\u00e9anmoins pu \u00eatre meilleur si ses centrales thermiques de Djamboutou, Ngaound\u00e9r\u00e9 et Maroua \u00e9taient approvisionn\u00e9es incessamment en combustibles. Et surtout s\u2019il ne faisait pas face \u00e0 des tensions de tr\u00e9sorerie, cons\u00e9quence de l\u2019insolvabilit\u00e9 de certains de ses consommateurs, parmi lesquels l\u2019Etat.<\/p>\n<p><strong>Lire aussi<\/strong> : <strong><a href=\"https:\/\/ecomatin.net\/energie-electrique-le-minee-somme-eneo-de-reduire-les-delestages-dans-le-grand-nord\/\">Energie \u00e9lectrique: le Minee somme Eneo de r\u00e9duire les d\u00e9lestages dans le Grand-Nord<\/a><\/strong><\/p>\n<p>\u00ab\u00a0La tension de tr\u00e9sorerie \u00e0 laquelle doit faire face le secteur de l\u2019\u00e9lectricit\u00e9 tient aux impay\u00e9s accumul\u00e9s de certaines grandes entreprises publiques, ainsi qu\u2019au non-paiement du milliard hebdomadaire de l\u2019Etat habituellement destin\u00e9 \u00e0 couvrir ses d\u00e9penses courantes\u00a0\u00bb, d\u00e9plore le distributeur de l\u2019\u00e9nergie \u00e9lectrique au Cameroun. Il va sans dire que\u00a0<strong><a href=\"https:\/\/ecomatin.net\/secteurr-de-lelectricite-eneo-revendique-des-impayess-de-163-milliards-a-letat\/\">si l\u2019Etat r\u00e9glait ses factures dans des d\u00e9lais<\/a><\/strong> raisonnables, la r\u00e9gion du Nord subirait de moins en moins de coupures. \u00ab\u00a0Si les centrales thermiques de Djamboutou, Ngaound\u00e9r\u00e9 et Maroua sont ravitaill\u00e9es r\u00e9guli\u00e8rement en combustibles, les d\u00e9lestages seront att\u00e9nu\u00e9s dans une certaine mesure, compte tenu de la faible demande du secteur en ce moment\u00a0\u00bb.<\/p>\n<p>Au 31 mai 2021, la dette globale de l\u2019\u00c9tat vis-\u00e0-vis d\u2019Eneo s\u2019\u00e9l\u00e8ve \u00e0 163,078 milliards de FCFA, et en fait le plus d\u00e9biteur de cette entreprise.<\/p>\n<p>L\u2019article <a rel=\"nofollow\" href=\"https:\/\/ecomatin.net\/a-cause-des-impayes-de-letat-eneo-renoue-avec-les-s-delestages-dans-le-grand-nord\/\">A cause des impay\u00e9s de l\u2019Etat, Eneo renoue avec les d\u00e9lestages dans le grand Nord<\/a> est apparu en premier sur <a rel=\"nofollow\" href=\"https:\/\/ecomatin.net\/\">EcoMatin<\/a>.<\/p>\n<\/div>\n<p>Auteur: Yannick KENNE<br \/>\n<a href=\"https:\/\/ecomatin.net\/a-cause-des-impayes-de-letat-eneo-renoue-avec-les-s-delestages-dans-le-grand-nord\/\">Cliquez ici pour lire l&rsquo;article depuis sa source.<\/a><\/p>\n","protected":false},"excerpt":{"rendered":"<p>Les populations des r\u00e9gions de l\u2019Adamaoua et de l\u2019Extr\u00eame-Nord, connect\u00e9es au R\u00e9seau Interconnect\u00e9 Nord (RIN) broient du noir, \u00e0 la suite des coupures intempestives d\u2019\u00e9lectricit\u00e9. De nombreuses localit\u00e9s sont priv\u00e9es d\u2019\u00e9nergie \u00e9lectrique, parfois pour des journ\u00e9es enti\u00e8res, avec comme cons\u00e9quence in\u00e9luctable un ralentissement de l\u2019activit\u00e9 \u00e9conomique dans les trois r\u00e9gions, non sans compter le climat [&hellip;]<\/p>\n","protected":false},"author":1969,"featured_media":0,"comment_status":"closed","ping_status":"closed","sticky":false,"template":"","format":"standard","meta":{"fifu_image_url":"","fifu_image_alt":"","footnotes":""},"categories":[82,78],"tags":[],"class_list":["post-128373","post","type-post","status-publish","format-standard","hentry","category-cameroun","category-economie"],"_links":{"self":[{"href":"https:\/\/linitiative.ca\/International\/wp-json\/wp\/v2\/posts\/128373","targetHints":{"allow":["GET"]}}],"collection":[{"href":"https:\/\/linitiative.ca\/International\/wp-json\/wp\/v2\/posts"}],"about":[{"href":"https:\/\/linitiative.ca\/International\/wp-json\/wp\/v2\/types\/post"}],"author":[{"embeddable":true,"href":"https:\/\/linitiative.ca\/International\/wp-json\/wp\/v2\/users\/1969"}],"replies":[{"embeddable":true,"href":"https:\/\/linitiative.ca\/International\/wp-json\/wp\/v2\/comments?post=128373"}],"version-history":[{"count":0,"href":"https:\/\/linitiative.ca\/International\/wp-json\/wp\/v2\/posts\/128373\/revisions"}],"wp:attachment":[{"href":"https:\/\/linitiative.ca\/International\/wp-json\/wp\/v2\/media?parent=128373"}],"wp:term":[{"taxonomy":"category","embeddable":true,"href":"https:\/\/linitiative.ca\/International\/wp-json\/wp\/v2\/categories?post=128373"},{"taxonomy":"post_tag","embeddable":true,"href":"https:\/\/linitiative.ca\/International\/wp-json\/wp\/v2\/tags?post=128373"}],"curies":[{"name":"wp","href":"https:\/\/api.w.org\/{rel}","templated":true}]}}