{"id":128375,"date":"2021-09-28T10:00:54","date_gmt":"2021-09-28T14:00:54","guid":{"rendered":"https:\/\/linitiative.ca\/International\/exposition-inedite-artistes-ecrivains-et-intellectuels-contre-la-peine-de-mort\/"},"modified":"2021-09-28T10:00:54","modified_gmt":"2021-09-28T14:00:54","slug":"exposition-inedite-artistes-ecrivains-et-intellectuels-contre-la-peine-de-mort","status":"publish","type":"post","link":"https:\/\/linitiative.ca\/International\/exposition-inedite-artistes-ecrivains-et-intellectuels-contre-la-peine-de-mort\/","title":{"rendered":"Exposition in\u00e9dite : Artistes, \u00e9crivains et intellectuels contre la peine de mort"},"content":{"rendered":"<div>\n<p><img decoding=\"async\" width=\"300\" height=\"153\" src=\"https:\/\/linitiative.ca\/International\/wp-content\/uploads\/sites\/23\/2021\/09\/Mahi-BineBine-300x153-1.jpg\" class=\"attachment-medium size-medium wp-post-image\" alt=\"\" loading=\"lazy\" srcset=\"\/\/aujourdhui.ma\/wp-content\/uploads\/2021\/09\/Mahi-BineBine-300x153.jpg 300w, \/\/aujourdhui.ma\/wp-content\/uploads\/2021\/09\/Mahi-BineBine-274x140.jpg 274w, \/\/aujourdhui.ma\/wp-content\/uploads\/2021\/09\/Mahi-BineBine.jpg 746w, \/\/aujourdhui.ma\/wp-content\/uploads\/2021\/09\/Mahi-BineBine-165x84.jpg 165w, \/\/aujourdhui.ma\/wp-content\/uploads\/2021\/09\/Mahi-BineBine-702x358.jpg 702w\" sizes=\"auto, (max-width: 300px) 100vw, 300px\"><\/p>\n<p><span style=\"color: #800000; font-size: 18px;\"><strong>A l\u2019occasion de la Journ\u00e9e mondiale contre la peine de mort, organis\u00e9e le 10 octobre de chaque ann\u00e9e, une exposition in\u00e9dite intitul\u00e9e \u00abLe droit de vivre\u00bb sera organis\u00e9e \u00e0 la cit\u00e9 ocre.<\/strong><\/span><span id=\"more-387744\"><\/span><\/p>\n<p>Elle sera inaugur\u00e9e le 9 octobre 2021 et se d\u00e9roulera jusqu\u2019\u00e0 f\u00e9vrier 2022 au Mus\u00e9e d\u2019art et de la culture (MACC). A l\u2019origine de cet \u00e9v\u00e9nement, Driss El Yazami, Younes Ajarrai et Mahi Binebine. Convaincus que la peine de mort est inhumaine, injuste et inefficace, ses initiateurs ont voulu renforcer la dynamique abolitionniste dans notre pays en sollicitant artistes et plasticiens, faisant ainsi le pari de la culture comme moyen d\u2019\u00e9largir la mobilisation pour l\u2019abolition. Dans ce sens, l\u2019exposition regroupe les oeuvres de 13 plasticiens renomm\u00e9s. On y trouve Mahi Binebine, Mohamed El Baz, Amina Benbouchta, Ilias Selfati, Mohamed Mourabiti, Najia Mehadji, Yasmina Alaoui et autres. Outre cette exposition, un ouvrage portant le m\u00eame titre sera pr\u00e9sent\u00e9 au public \u00e0 la Maison Denise Masson \u00e0 Marrakech. Edit\u00e9 \u00e0 la crois\u00e9e des chemins, cet ouvrage r\u00e9unira la contribution de 37 \u00e9crivains et intellectuels marocains qui d\u00e9fendent l\u2019abolition de la peine de mort, en l\u2019occurrence Leila Slimani, Fadma Ait Mous, Chakib Guessous, Bouthaina Azami, Jalil Bennani, Mohammed Bennis, Lamia Berrada Berca Zakya Daoud, Asma Lamrabet, Hicham Lasri et autres. \u00abCet ouvrage sera pr\u00e9sent\u00e9 le 9 octobre lors d\u2019une table ronde o\u00f9 prendront la parole des personnalit\u00e9s et les principales associations abolitionnistes nationales et internationales, suivie d\u2019une conf\u00e9rence du philosophe Ali Benmakhlouf.<\/p>\n<p><a href=\"https:\/\/linitiative.ca\/International\/wp-content\/uploads\/sites\/23\/2021\/09\/affiche-evenement.jpg\"><img decoding=\"async\" loading=\"lazy\" class=\"alignnone size-full wp-image-387747\" src=\"https:\/\/linitiative.ca\/International\/wp-content\/uploads\/sites\/23\/2021\/09\/affiche-evenement.jpg\" alt=\"\" width=\"960\" height=\"960\" srcset=\"\/\/aujourdhui.ma\/wp-content\/uploads\/2021\/09\/affiche-evenement.jpg 960w, \/\/aujourdhui.ma\/wp-content\/uploads\/2021\/09\/affiche-evenement-300x300.jpg 300w, \/\/aujourdhui.ma\/wp-content\/uploads\/2021\/09\/affiche-evenement-150x150.jpg 150w, \/\/aujourdhui.ma\/wp-content\/uploads\/2021\/09\/affiche-evenement-768x768.jpg 768w, \/\/aujourdhui.ma\/wp-content\/uploads\/2021\/09\/affiche-evenement-36x36.jpg 36w\" sizes=\"auto, (max-width: 960px) 100vw, 960px\"><\/a><\/p>\n<p>D\u2019autres activit\u00e9s sont pr\u00e9vues dans les mois qui suivent\u00bb, indiquent les organisateurs. Pour noter, le vernissage de l\u2019exposition, le lancement du livre et les d\u00e9bats du 9 octobre sont inscrits au programme des activit\u00e9s mondiales organis\u00e9es par la coalition Ensemble contre la peine de mort et b\u00e9n\u00e9ficient du soutien de la Fondation Ajial qui porte ces manifestations de Wallonie-Bruxelles international et de la d\u00e9l\u00e9gation Wallonie-Bruxelles au Maroc, de l\u2019Institut fran\u00e7ais de Marrakech de la Maison Densie Masson et du Mus\u00e9e d\u2019art et de la culture de Marrakech.<\/p>\n<\/div>\n<p>Auteur: Siham Jadraoui<br \/>\n<a href=\"https:\/\/aujourdhui.ma\/culture\/exposition-inedite-artistes-ecrivains-et-intellectuels-contre-la-peine-de-mort\">Cliquez ici pour lire l&rsquo;article depuis sa source.<\/a><\/p>\n","protected":false},"excerpt":{"rendered":"<p>A l\u2019occasion de la Journ\u00e9e mondiale contre la peine de mort, organis\u00e9e le 10 octobre de chaque ann\u00e9e, une exposition in\u00e9dite intitul\u00e9e \u00abLe droit de vivre\u00bb sera organis\u00e9e \u00e0 la cit\u00e9 ocre. Elle sera inaugur\u00e9e le 9 octobre 2021 et se d\u00e9roulera jusqu\u2019\u00e0 f\u00e9vrier 2022 au Mus\u00e9e d\u2019art et de la culture (MACC). A l\u2019origine [&hellip;]<\/p>\n","protected":false},"author":1759,"featured_media":0,"comment_status":"closed","ping_status":"closed","sticky":false,"template":"","format":"standard","meta":{"fifu_image_url":"https:\/\/aujourdhui.ma\/wp-content\/uploads\/2021\/09\/Mahi-BineBine-300x153.jpg","fifu_image_alt":"Exposition in\u00e9dite : Artistes, \u00e9crivains et intellectuels contre la peine de mort","footnotes":""},"categories":[73,54],"tags":[],"class_list":["post-128375","post","type-post","status-publish","format-standard","hentry","category-actualite","category-maroc"],"_links":{"self":[{"href":"https:\/\/linitiative.ca\/International\/wp-json\/wp\/v2\/posts\/128375","targetHints":{"allow":["GET"]}}],"collection":[{"href":"https:\/\/linitiative.ca\/International\/wp-json\/wp\/v2\/posts"}],"about":[{"href":"https:\/\/linitiative.ca\/International\/wp-json\/wp\/v2\/types\/post"}],"author":[{"embeddable":true,"href":"https:\/\/linitiative.ca\/International\/wp-json\/wp\/v2\/users\/1759"}],"replies":[{"embeddable":true,"href":"https:\/\/linitiative.ca\/International\/wp-json\/wp\/v2\/comments?post=128375"}],"version-history":[{"count":0,"href":"https:\/\/linitiative.ca\/International\/wp-json\/wp\/v2\/posts\/128375\/revisions"}],"wp:attachment":[{"href":"https:\/\/linitiative.ca\/International\/wp-json\/wp\/v2\/media?parent=128375"}],"wp:term":[{"taxonomy":"category","embeddable":true,"href":"https:\/\/linitiative.ca\/International\/wp-json\/wp\/v2\/categories?post=128375"},{"taxonomy":"post_tag","embeddable":true,"href":"https:\/\/linitiative.ca\/International\/wp-json\/wp\/v2\/tags?post=128375"}],"curies":[{"name":"wp","href":"https:\/\/api.w.org\/{rel}","templated":true}]}}