{"id":128378,"date":"2021-09-28T10:16:59","date_gmt":"2021-09-28T14:16:59","guid":{"rendered":"https:\/\/linitiative.ca\/International\/video-covid-19-les-cas-positifs-en-baisse-pour-la-septieme-semaine-consecutive\/"},"modified":"2021-09-28T10:16:59","modified_gmt":"2021-09-28T14:16:59","slug":"video-covid-19-les-cas-positifs-en-baisse-pour-la-septieme-semaine-consecutive","status":"publish","type":"post","link":"https:\/\/linitiative.ca\/International\/video-covid-19-les-cas-positifs-en-baisse-pour-la-septieme-semaine-consecutive\/","title":{"rendered":"Video  \/  Covid-19: les cas positifs en baisse pour la septi\u00e8me semaine cons\u00e9cutive"},"content":{"rendered":"<div>\n<p><img decoding=\"async\" width=\"300\" height=\"153\" src=\"https:\/\/linitiative.ca\/International\/wp-content\/uploads\/sites\/23\/2021\/09\/Abdelkrim-Meziane-Bellefquih-SanteCC81-Covid19-300x153-1.jpg\" class=\"attachment-medium size-medium wp-post-image\" alt=\"\" loading=\"lazy\" srcset=\"\/\/aujourdhui.ma\/wp-content\/uploads\/2021\/09\/Abdelkrim-Meziane-Bellefquih-Sante\u0301-Covid19-300x153.jpg 300w, \/\/aujourdhui.ma\/wp-content\/uploads\/2021\/09\/Abdelkrim-Meziane-Bellefquih-Sante\u0301-Covid19-274x140.jpg 274w, \/\/aujourdhui.ma\/wp-content\/uploads\/2021\/09\/Abdelkrim-Meziane-Bellefquih-Sante\u0301-Covid19.jpg 746w, \/\/aujourdhui.ma\/wp-content\/uploads\/2021\/09\/Abdelkrim-Meziane-Bellefquih-Sante\u0301-Covid19-165x84.jpg 165w, \/\/aujourdhui.ma\/wp-content\/uploads\/2021\/09\/Abdelkrim-Meziane-Bellefquih-Sante\u0301-Covid19-702x358.jpg 702w\" sizes=\"auto, (max-width: 300px) 100vw, 300px\"><\/p>\n<p><span style=\"font-size: 20px; color: #800000;\"><strong>Les cas positifs de Covid-19 sont toujours en baisse pour la septi\u00e8me semaine cons\u00e9cutive dans toutes les r\u00e9gions du Royaume, a annonc\u00e9 mardi le minist\u00e8re de la Sant\u00e9, affirmant que cette \u00e9volution \u00e9pid\u00e9miologique est globalement valable pour tous les indicateurs.<\/strong><\/span><br \/>\n<span id=\"more-387769\"><\/span><\/p>\n<p>L\u2019\u00e9tude des indicateurs de suivi de la situation \u00e9pid\u00e9miologique, du 14 au 27 septembre, montre que la tendance baissi\u00e8re se poursuit depuis sept semaines pour ce qui est des contaminations par la Covid-19, a d\u00e9clar\u00e9 le chef de la division des maladies transmissibles au minist\u00e8re, Abdelkrim Meziane Bellefquih. Les cas positifs sont en effet pass\u00e9s de 15.000 cas hebdomadaires il y a 2 semaines \u00e0 moins de 10.000 cas la semaine derni\u00e8re, soit une baisse de 36%.<\/p>\n<p>Le taux de reproduction du virus a baiss\u00e9 durant les deux derni\u00e8res semaines, de m\u00eame que le taux de positivit\u00e9 qui est pass\u00e9 de 12 \u00e0 8% durant la m\u00eame p\u00e9riode. La m\u00eame tendance \u00e0 la baisse a \u00e9t\u00e9 observ\u00e9e au niveau du nombre de cas actifs, qui sont pass\u00e9s de 30.000 \u00e0 moins de 17.000 cas lundi, soit une baisse de 43%.<br \/>\nLe nombre des cas critiques a pour sa part chut\u00e9 de 35%, avec 1.148 cas lundi contre 1.764 il y a deux semaines. Le taux d\u2019occupation des lits r\u00e9serv\u00e9s aux cas critiques se situe \u00e0 21 % contre 33% le 14 septembre.<\/p>\n<\/div>\n<p>Auteur: ALM<br \/>\n<a href=\"https:\/\/aujourdhui.ma\/societe\/video-covid-19-les-cas-positifs-en-baisse-pour-la-septieme-semaine-consecutive\">Cliquez ici pour lire l&rsquo;article depuis sa source.<\/a><\/p>\n","protected":false},"excerpt":{"rendered":"<p>Les cas positifs de Covid-19 sont toujours en baisse pour la septi\u00e8me semaine cons\u00e9cutive dans toutes les r\u00e9gions du Royaume, a annonc\u00e9 mardi le minist\u00e8re de la Sant\u00e9, affirmant que cette \u00e9volution \u00e9pid\u00e9miologique est globalement valable pour tous les indicateurs. L\u2019\u00e9tude des indicateurs de suivi de la situation \u00e9pid\u00e9miologique, du 14 au 27 septembre, montre [&hellip;]<\/p>\n","protected":false},"author":1759,"featured_media":0,"comment_status":"closed","ping_status":"closed","sticky":false,"template":"","format":"standard","meta":{"fifu_image_url":"https:\/\/aujourdhui.ma\/wp-content\/uploads\/2021\/09\/Abdelkrim-Meziane-Bellefquih-Sante\u0301-Covid19-300x153.jpg","fifu_image_alt":"Video  \/  Covid-19: les cas positifs en baisse pour la septi\u00e8me semaine cons\u00e9cutive","footnotes":""},"categories":[73,54],"tags":[],"class_list":["post-128378","post","type-post","status-publish","format-standard","hentry","category-actualite","category-maroc"],"_links":{"self":[{"href":"https:\/\/linitiative.ca\/International\/wp-json\/wp\/v2\/posts\/128378","targetHints":{"allow":["GET"]}}],"collection":[{"href":"https:\/\/linitiative.ca\/International\/wp-json\/wp\/v2\/posts"}],"about":[{"href":"https:\/\/linitiative.ca\/International\/wp-json\/wp\/v2\/types\/post"}],"author":[{"embeddable":true,"href":"https:\/\/linitiative.ca\/International\/wp-json\/wp\/v2\/users\/1759"}],"replies":[{"embeddable":true,"href":"https:\/\/linitiative.ca\/International\/wp-json\/wp\/v2\/comments?post=128378"}],"version-history":[{"count":0,"href":"https:\/\/linitiative.ca\/International\/wp-json\/wp\/v2\/posts\/128378\/revisions"}],"wp:attachment":[{"href":"https:\/\/linitiative.ca\/International\/wp-json\/wp\/v2\/media?parent=128378"}],"wp:term":[{"taxonomy":"category","embeddable":true,"href":"https:\/\/linitiative.ca\/International\/wp-json\/wp\/v2\/categories?post=128378"},{"taxonomy":"post_tag","embeddable":true,"href":"https:\/\/linitiative.ca\/International\/wp-json\/wp\/v2\/tags?post=128378"}],"curies":[{"name":"wp","href":"https:\/\/api.w.org\/{rel}","templated":true}]}}