{"id":128380,"date":"2021-09-28T10:29:06","date_gmt":"2021-09-28T14:29:06","guid":{"rendered":"https:\/\/linitiative.ca\/International\/deces-de-sar-la-princesse-lalla-malika-tante-de-sm-le-roi-mohammed-vi\/"},"modified":"2021-09-28T10:29:06","modified_gmt":"2021-09-28T14:29:06","slug":"deces-de-sar-la-princesse-lalla-malika-tante-de-sm-le-roi-mohammed-vi","status":"publish","type":"post","link":"https:\/\/linitiative.ca\/International\/deces-de-sar-la-princesse-lalla-malika-tante-de-sm-le-roi-mohammed-vi\/","title":{"rendered":"D\u00e9c\u00e8s de SAR  la Princesse Lalla Malika, tante  de SM le Roi  Mohammed VI"},"content":{"rendered":"<div>\n<p><img decoding=\"async\" width=\"300\" height=\"153\" src=\"https:\/\/linitiative.ca\/International\/wp-content\/uploads\/sites\/23\/2021\/09\/Sar-La-Princesse-Lalla-Malika-300x153-1.jpg\" class=\"attachment-medium size-medium wp-post-image\" alt=\"\" loading=\"lazy\" srcset=\"\/\/aujourdhui.ma\/wp-content\/uploads\/2021\/09\/Sar-La-Princesse-Lalla-Malika-300x153.jpg 300w, \/\/aujourdhui.ma\/wp-content\/uploads\/2021\/09\/Sar-La-Princesse-Lalla-Malika-274x140.jpg 274w, \/\/aujourdhui.ma\/wp-content\/uploads\/2021\/09\/Sar-La-Princesse-Lalla-Malika.jpg 746w, \/\/aujourdhui.ma\/wp-content\/uploads\/2021\/09\/Sar-La-Princesse-Lalla-Malika-165x84.jpg 165w, \/\/aujourdhui.ma\/wp-content\/uploads\/2021\/09\/Sar-La-Princesse-Lalla-Malika-702x358.jpg 702w\" sizes=\"auto, (max-width: 300px) 100vw, 300px\"><\/p>\n<p><span style=\"font-size: 20px; color: #800000;\"><strong>Le minist\u00e8re de la Maison Royale, du Protocole et de la Chancellerie a annonc\u00e9 le d\u00e9c\u00e8s, mardi \u00e0 Rabat, de SAR la Princesse Lalla Malika, fille de feu Sa Majest\u00e9 le Roi Mohammed V, s\u0153ur de feu Sa Majest\u00e9 le Roi Hassan II, que Dieu ait leurs \u00e2mes, et tante de SM le Roi Mohammed VI.<\/strong><\/span><span id=\"more-387772\"><\/span><\/p>\n<p>\u00abLe minist\u00e8re de la Maison Royale, du Protocole et de la Chancellerie a annonc\u00e9, avec une grande \u00e9motion et une profonde affliction, le d\u00e9c\u00e8s de la regrett\u00e9e Son Altesse Royale la Princesse Lalla Malika, fille de feu Sa Majest\u00e9 le Roi Mohammed V, s\u0153ur de feu Sa Majest\u00e9 le Roi Hassan II, que Dieu ait leurs \u00e2mes, et tante de SM le Roi Mohammed VI, que Dieu L\u2019Assiste, qui a r\u00e9pondu \u00e0 l\u2019appel de Dieu, ce mardi 20 Safar Al Kheir 1443 de l\u2019H\u00e9gire, correspondant au 28 septembre 2021 \u00e0 Rabat\u00bb, indique le minist\u00e8re dans un communiqu\u00e9, implorant le Tout-Puissant d\u2019accueillir la D\u00e9funte en Son vaste paradis, parmi les fid\u00e8les vertueux.<\/p>\n<p>En cette douloureuse circonstance, le minist\u00e8re de la Maison Royale, du Protocole et de la Chancellerie et l\u2019ensemble du peuple marocain pr\u00e9sentent leurs vives condol\u00e9ances et leurs sinc\u00e8res sentiments de compassion \u00e0 SM le Roi Mohammed VI, et \u00e0 tous les membres de l\u2019Illustre Famille Royale pour cette perte cruelle, la volont\u00e9 divine \u00e9tant imparable, implorant le Tr\u00e8s-Haut d\u2019accueillir la d\u00e9funte en Sa sainte mis\u00e9ricorde et Son vaste paradis. Vu les mesures pr\u00e9ventives en vigueur \u00e0 cause de l\u2019\u00e9volution de la situation sanitaire, SM le Roi, que Dieu Le glorifie, a veill\u00e9 \u00e0 ce que les obs\u00e8ques de la d\u00e9funte se d\u00e9roulent dans un cadre familial priv\u00e9 avec une pr\u00e9sence tr\u00e8s limit\u00e9e, dans le respect total de ces mesures, pr\u00e9cise la m\u00eame source.<\/p>\n<\/div>\n<p>Auteur: ALM<br \/>\n<a href=\"https:\/\/aujourdhui.ma\/actualite\/deces-de-sar-la-princesse-lalla-malika-tante-de-sm-le-roi-mohammed-vi\">Cliquez ici pour lire l&rsquo;article depuis sa source.<\/a><\/p>\n","protected":false},"excerpt":{"rendered":"<p>Le minist\u00e8re de la Maison Royale, du Protocole et de la Chancellerie a annonc\u00e9 le d\u00e9c\u00e8s, mardi \u00e0 Rabat, de SAR la Princesse Lalla Malika, fille de feu Sa Majest\u00e9 le Roi Mohammed V, s\u0153ur de feu Sa Majest\u00e9 le Roi Hassan II, que Dieu ait leurs \u00e2mes, et tante de SM le Roi Mohammed [&hellip;]<\/p>\n","protected":false},"author":1759,"featured_media":0,"comment_status":"closed","ping_status":"closed","sticky":false,"template":"","format":"standard","meta":{"fifu_image_url":"https:\/\/aujourdhui.ma\/wp-content\/uploads\/2021\/09\/Sar-La-Princesse-Lalla-Malika-300x153.jpg","fifu_image_alt":"D\u00e9c\u00e8s de SAR  la Princesse Lalla Malika, tante  de SM le Roi  Mohammed VI","footnotes":""},"categories":[73,54],"tags":[],"class_list":["post-128380","post","type-post","status-publish","format-standard","hentry","category-actualite","category-maroc"],"_links":{"self":[{"href":"https:\/\/linitiative.ca\/International\/wp-json\/wp\/v2\/posts\/128380","targetHints":{"allow":["GET"]}}],"collection":[{"href":"https:\/\/linitiative.ca\/International\/wp-json\/wp\/v2\/posts"}],"about":[{"href":"https:\/\/linitiative.ca\/International\/wp-json\/wp\/v2\/types\/post"}],"author":[{"embeddable":true,"href":"https:\/\/linitiative.ca\/International\/wp-json\/wp\/v2\/users\/1759"}],"replies":[{"embeddable":true,"href":"https:\/\/linitiative.ca\/International\/wp-json\/wp\/v2\/comments?post=128380"}],"version-history":[{"count":0,"href":"https:\/\/linitiative.ca\/International\/wp-json\/wp\/v2\/posts\/128380\/revisions"}],"wp:attachment":[{"href":"https:\/\/linitiative.ca\/International\/wp-json\/wp\/v2\/media?parent=128380"}],"wp:term":[{"taxonomy":"category","embeddable":true,"href":"https:\/\/linitiative.ca\/International\/wp-json\/wp\/v2\/categories?post=128380"},{"taxonomy":"post_tag","embeddable":true,"href":"https:\/\/linitiative.ca\/International\/wp-json\/wp\/v2\/tags?post=128380"}],"curies":[{"name":"wp","href":"https:\/\/api.w.org\/{rel}","templated":true}]}}