{"id":128382,"date":"2021-09-28T11:00:00","date_gmt":"2021-09-28T15:00:00","guid":{"rendered":"https:\/\/linitiative.ca\/International\/conspiration-a-rabat-nouveau-roman-signe-amine-jamai\/"},"modified":"2021-09-28T11:00:00","modified_gmt":"2021-09-28T15:00:00","slug":"conspiration-a-rabat-nouveau-roman-signe-amine-jamai","status":"publish","type":"post","link":"https:\/\/linitiative.ca\/International\/conspiration-a-rabat-nouveau-roman-signe-amine-jamai\/","title":{"rendered":"\u00abConspiration \u00e0 Rabat\u00bb : Nouveau roman sign\u00e9 Amine Jamai"},"content":{"rendered":"<div>\n<p><img decoding=\"async\" width=\"300\" height=\"153\" src=\"https:\/\/linitiative.ca\/International\/wp-content\/uploads\/sites\/23\/2021\/09\/Nouveau-roman-signe-Amine-Jamai-300x153-1.jpg\" class=\"attachment-medium size-medium wp-post-image\" alt=\"\" loading=\"lazy\" srcset=\"\/\/aujourdhui.ma\/wp-content\/uploads\/2021\/09\/Nouveau-roman-signe-Amine-Jamai-300x153.jpg 300w, \/\/aujourdhui.ma\/wp-content\/uploads\/2021\/09\/Nouveau-roman-signe-Amine-Jamai-274x140.jpg 274w, \/\/aujourdhui.ma\/wp-content\/uploads\/2021\/09\/Nouveau-roman-signe-Amine-Jamai.jpg 746w, \/\/aujourdhui.ma\/wp-content\/uploads\/2021\/09\/Nouveau-roman-signe-Amine-Jamai-165x84.jpg 165w, \/\/aujourdhui.ma\/wp-content\/uploads\/2021\/09\/Nouveau-roman-signe-Amine-Jamai-702x358.jpg 702w\" sizes=\"auto, (max-width: 300px) 100vw, 300px\"><\/p>\n<p><span style=\"color: #800000; font-size: 20px;\"><strong>Il s\u2019agit de son 5\u00e8me roman<\/strong> <\/span><span id=\"more-387751\"><\/span><\/p>\n<p>Apr\u00e8s \u00abL\u2019intrication de Malabar\u00bb, le romancier et \u00e9crivain Amine Jamai revient cette fois-ci avec une nouvelle oeuvre litt\u00e9raire intitul\u00e9e \u00abConspiration \u00e0 Rabat\u00bb. Il s\u2019agit de son cinqui\u00e8me roman du genre, dont sa parution, pr\u00e9vue le 30 septembre 2021, chez l\u2019\u00e9dition \u00abLes Feuilles du Grimoire\u00bb. Il relate en effet l\u2019histoire d\u2019un h\u00e9ros marocain, un g\u00e9n\u00e9ral courageux et altruiste. \u00abKhalil doit s\u2019entretenir avec un agent du Mossad pour une question de s\u00e9curit\u00e9 nationale. Il est question d\u2019une Bio Tech isra\u00e9lienne dont la filiale est install\u00e9e au Maroc. La CIA et le SVR veulent savoir ce qui s\u2019est dit. Une course contre la montre les conduira de Rabat \u00e0 Hong Kong, de Tel-Aviv \u00e0 Moscou pour finir \u00e0 Singapour \u00bb, lit-on dans une note de pr\u00e9sentation du roman.<\/p>\n<p>Il faut dire que cette oeuvre nous immerge dans une fiction contemporaine. En d\u00e9tail, elle raconte l\u2019histoire d\u2019un g\u00e9n\u00e9ral qui s\u2019attelle \u00e0 prot\u00e9ger son Royaume et les pays du tiers monde. Dans sa qu\u00eate, il est accompagn\u00e9 de partenaires aussi improbables les uns que les autres, expos\u00e9 \u00e0 cette menace grandissante d\u2019un monde nouveau qui veut imposer ses fa\u00e7ons de faire \u00e0 la mani\u00e8re d\u2019un 1984 d\u2019Orwell. Le g\u00e9n\u00e9ral va tenter finalement de d\u00e9jouer une conspiration mondiale dont les ingr\u00e9dients sont biotechnologies, manipulations g\u00e9n\u00e9tiques, Cryptomonnaies et \u00abBig Reset\u00bb. Une fois de plus, \u00abConspiration \u00e0 Rabat\u00bb est un thriller original qui marquera la nouvelle rentr\u00e9e litt\u00e9raire. Pour rappel, Amine Jama\u00ef dirige un cabinet de conseil en strat\u00e9gie \u00e0 Casablanca, apr\u00e8s des \u00e9tudes et un parcours professionnel qui l\u2019ont conduit en Europe, en Afrique et en Am\u00e9rique.<\/p>\n<p>\u00abConspiration \u00e0 Rabat\u00bb fait partie de la s\u00e9rie \u00abLe G\u00e9n\u00e9ral marocain \u00bb, apr\u00e8s \u00abLa conspiration des ombres\u00bb, paru en 2015, Arabmageddon, 2016, \u00abConspiration \u00e0 Alger\u00bb 2018 et \u00abIntrication de Malabar\u00bb, 2020. \u00abConspiration \u00e0 Rabat\u00bb sera distribu\u00e9 sous 4 couvertures diff\u00e9rentes. Elles sont destin\u00e9es \u00e0 donner envie \u00e0 des publics diff\u00e9rents, leur donner envie de faire un premier pas vers les \u00ablivres en g\u00e9n\u00e9ral\u00bb, pour les d\u00e9couvrir.<\/p>\n<\/div>\n<p>Auteur: ALM<br \/>\n<a href=\"https:\/\/aujourdhui.ma\/culture\/conspiration-a-rabat-nouveau-roman-signe-amine-jamai\">Cliquez ici pour lire l&rsquo;article depuis sa source.<\/a><\/p>\n","protected":false},"excerpt":{"rendered":"<p>Il s\u2019agit de son 5\u00e8me roman Apr\u00e8s \u00abL\u2019intrication de Malabar\u00bb, le romancier et \u00e9crivain Amine Jamai revient cette fois-ci avec une nouvelle oeuvre litt\u00e9raire intitul\u00e9e \u00abConspiration \u00e0 Rabat\u00bb. Il s\u2019agit de son cinqui\u00e8me roman du genre, dont sa parution, pr\u00e9vue le 30 septembre 2021, chez l\u2019\u00e9dition \u00abLes Feuilles du Grimoire\u00bb. Il relate en effet l\u2019histoire [&hellip;]<\/p>\n","protected":false},"author":1759,"featured_media":0,"comment_status":"closed","ping_status":"closed","sticky":false,"template":"","format":"standard","meta":{"fifu_image_url":"https:\/\/aujourdhui.ma\/wp-content\/uploads\/2021\/09\/Nouveau-roman-signe-Amine-Jamai-300x153.jpg","fifu_image_alt":"\u00abConspiration \u00e0 Rabat\u00bb : Nouveau roman sign\u00e9 Amine Jamai","footnotes":""},"categories":[73,54],"tags":[],"class_list":["post-128382","post","type-post","status-publish","format-standard","hentry","category-actualite","category-maroc"],"_links":{"self":[{"href":"https:\/\/linitiative.ca\/International\/wp-json\/wp\/v2\/posts\/128382","targetHints":{"allow":["GET"]}}],"collection":[{"href":"https:\/\/linitiative.ca\/International\/wp-json\/wp\/v2\/posts"}],"about":[{"href":"https:\/\/linitiative.ca\/International\/wp-json\/wp\/v2\/types\/post"}],"author":[{"embeddable":true,"href":"https:\/\/linitiative.ca\/International\/wp-json\/wp\/v2\/users\/1759"}],"replies":[{"embeddable":true,"href":"https:\/\/linitiative.ca\/International\/wp-json\/wp\/v2\/comments?post=128382"}],"version-history":[{"count":0,"href":"https:\/\/linitiative.ca\/International\/wp-json\/wp\/v2\/posts\/128382\/revisions"}],"wp:attachment":[{"href":"https:\/\/linitiative.ca\/International\/wp-json\/wp\/v2\/media?parent=128382"}],"wp:term":[{"taxonomy":"category","embeddable":true,"href":"https:\/\/linitiative.ca\/International\/wp-json\/wp\/v2\/categories?post=128382"},{"taxonomy":"post_tag","embeddable":true,"href":"https:\/\/linitiative.ca\/International\/wp-json\/wp\/v2\/tags?post=128382"}],"curies":[{"name":"wp","href":"https:\/\/api.w.org\/{rel}","templated":true}]}}