{"id":128390,"date":"2021-09-27T14:00:00","date_gmt":"2021-09-27T18:00:00","guid":{"rendered":"https:\/\/linitiative.ca\/International\/france-le-prix-cameleon-2021-2022-met-le-maroc-a-lhonneur\/"},"modified":"2021-09-27T14:00:00","modified_gmt":"2021-09-27T18:00:00","slug":"france-le-prix-cameleon-2021-2022-met-le-maroc-a-lhonneur","status":"publish","type":"post","link":"https:\/\/linitiative.ca\/International\/france-le-prix-cameleon-2021-2022-met-le-maroc-a-lhonneur\/","title":{"rendered":"France: le Prix Cam\u00e9l\u00e9on 2021-2022 met le Maroc \u00e0 l\u2019honneur"},"content":{"rendered":"<div>\n<p class=\"has-text-align-center has-vivid-red-color has-text-color\"><strong>Distinction<\/strong><\/p>\n<p class=\"has-black-color has-text-color\"><strong>L\u2019Universit\u00e9 Jean Moulin Lyon 3 lancera, jeudi prochain, la 7\u00e8me \u00e9dition du Prix Cam\u00e9l\u00e9on, le prix \u00e9tudiant du roman \u00e9tranger traduit en fran\u00e7ais, qui met le Maroc \u00e0 l\u2019honneur cette ann\u00e9e, apprend-on aupr\u00e8s des organisateurs.<\/strong><\/p>\n<p class=\"has-black-color has-text-color\">\u00ab\u00a0Cr\u00e9\u00e9 en septembre 2014, le Prix Cam\u00e9l\u00e9on r\u00e9compense l\u2019auteur et le traducteur d\u2019un roman \u00e9tranger contemporain. Chaque ann\u00e9e, un nouveau pays est mis \u00e0 l\u2019honneur. Cette ann\u00e9e, il s\u2019agit du Maroc\u00a0\u00bb, pr\u00e9cise-t-on.<br \/>Le prix 2021-2022 s\u2019inscrit dans le cadre de l\u2019ann\u00e9e du Maroc organis\u00e9e par la facult\u00e9 des langues de l\u2019Universit\u00e9.<\/p>\n<p class=\"has-black-color has-text-color\">Il a pour objectif d\u2019ouvrir les \u00e9tudiants \u00e0 la culture litt\u00e9raire contemporaine \u00e9trang\u00e8re et \u00e0 la probl\u00e9matique de la traduction. L\u2019Universit\u00e9 Jean Moulin offre par ce prix la possibilit\u00e9 aux \u00e9tudiants de devenir l\u2019un des 100 jur\u00e9s \u00e9tudiants qui voteront pour leur roman pr\u00e9f\u00e9r\u00e9 et \u00e9liront ainsi les laur\u00e9ats.<\/p>\n<p class=\"has-black-color has-text-color\">\u00ab\u00a0C\u2019est au terme d\u2019une ann\u00e9e ponctu\u00e9e de rencontres litt\u00e9raires, de d\u00e9couvertes culturelles et d\u2019\u00e9changes que le livre gagnant est d\u00e9sign\u00e9 parmi les trois ouvrages s\u00e9lectionn\u00e9s\u00a0\u00bb, rel\u00e8vent les organisateurs.<\/p>\n<p class=\"has-black-color has-text-color\">Il s\u2019agit de \u201cHot Maroc\u201d de Yassin Adnan, traduit de l\u2019arabe par France Meyer, \u201cLes voisines d\u2019Abou Moussa\u201d de Ahmed Toufiq et \u201cN\u2019appelle pas, il n\u2019y a personne\u201d de Youssef Fadel, traduits de l\u2019arabe par Philippe Vigreux.<br \/>Ces trois romans contemporains, choisis par les organisateurs, seront offerts \u00e0 chaque jur\u00e9 \u00e9tudiant le jeudi 30 septembre prochain, lors de la soir\u00e9e de lancement.<\/p>\n<p class=\"has-black-color has-text-color\">Les membres du jury d\u00e9signeront leur ouvrage pr\u00e9f\u00e9r\u00e9 lors d\u2019un vote en ligne en janvier 2022.<br \/>Le lancement de cette \u00e9dition aura lieu lors d\u2019une soir\u00e9e qui sera marqu\u00e9e \u00e9galement par la remise du prix de l\u2019ann\u00e9e pr\u00e9c\u00e9dente mettant en honneur l\u2019Irlande, qui n\u2019a pas pu se tenir en raison du contexte sanitaire li\u00e9 \u00e0 la pand\u00e9mie du coronavirus, indique l\u2019universit\u00e9.<\/p>\n<p class=\"has-black-color has-text-color\">Le prix Cam\u00e9l\u00e9on 2020 sera remis au roman \u201cDans la baie fauve\u201d, en pr\u00e9sence de la traductrice France Camus-Pichon et de Brigitte Bouchard des \u00c9ditions Noir sur blanc.<\/p>\n<p class=\"has-black-color has-text-color\">La c\u00e9r\u00e9monie de lancement de cette \u00e9dition sera marqu\u00e9e notamment par un zoom sur les trois livres finalistes et leur place dans la litt\u00e9rature marocaine, ainsi que par la pr\u00e9sentation du m\u00e9tier de traducteur par Yves Gonzales, traducteur de roman arabe.<\/p>\n<p class=\"has-black-color has-text-color\">L\u2019assistance sera au rendez-vous \u00e9galement avec un t\u00e9moignage d\u2019un \u00e9tudiant marocain sur la th\u00e9matique \u201c\u00eatre jeune au Maroc\u201d, un quizz sur la culture marocaine ainsi qu\u2019avec un cocktail de musique traditionnelle marocaine, outre la remise des trois ouvrages aux 100 jur\u00e9s \u00e9tudiants.<\/p>\n<p class=\"has-black-color has-text-color\">Les pr\u00e9c\u00e9dentes \u00e9ditions du Prix Cam\u00e9l\u00e9on ont mis \u00e0 l\u2019honneur la Pologne (2019), la Cor\u00e9e (2018), l\u2019Espagne (2017), le Japon (2016) et le Br\u00e9sil (2015).<\/p>\n<p>L\u2019article <a rel=\"nofollow\" href=\"http:\/\/albayane.press.ma\/france-le-prix-cameleon-2021-2022-met-le-maroc-a-lhonneur.html\">France: le Prix Cam\u00e9l\u00e9on 2021-2022 met le Maroc \u00e0 l\u2019honneur<\/a> est apparu en premier sur <a rel=\"nofollow\" href=\"http:\/\/albayane.press.ma\/\">ALBAYANE<\/a>.<\/p>\n<\/div>\n<p>Auteur: M&rsquo;hammed rahal<br \/>\n<a href=\"http:\/\/albayane.press.ma\/france-le-prix-cameleon-2021-2022-met-le-maroc-a-lhonneur.html\">Cliquez ici pour lire l&rsquo;article depuis sa source.<\/a><\/p>\n","protected":false},"excerpt":{"rendered":"<p>Distinction L\u2019Universit\u00e9 Jean Moulin Lyon 3 lancera, jeudi prochain, la 7\u00e8me \u00e9dition du Prix Cam\u00e9l\u00e9on, le prix \u00e9tudiant du roman \u00e9tranger traduit en fran\u00e7ais, qui met le Maroc \u00e0 l\u2019honneur cette ann\u00e9e, apprend-on aupr\u00e8s des organisateurs. \u00ab\u00a0Cr\u00e9\u00e9 en septembre 2014, le Prix Cam\u00e9l\u00e9on r\u00e9compense l\u2019auteur et le traducteur d\u2019un roman \u00e9tranger contemporain. Chaque ann\u00e9e, un [&hellip;]<\/p>\n","protected":false},"author":1760,"featured_media":0,"comment_status":"closed","ping_status":"closed","sticky":false,"template":"","format":"standard","meta":{"fifu_image_url":"","fifu_image_alt":"","footnotes":""},"categories":[73,54],"tags":[],"class_list":["post-128390","post","type-post","status-publish","format-standard","hentry","category-actualite","category-maroc"],"_links":{"self":[{"href":"https:\/\/linitiative.ca\/International\/wp-json\/wp\/v2\/posts\/128390","targetHints":{"allow":["GET"]}}],"collection":[{"href":"https:\/\/linitiative.ca\/International\/wp-json\/wp\/v2\/posts"}],"about":[{"href":"https:\/\/linitiative.ca\/International\/wp-json\/wp\/v2\/types\/post"}],"author":[{"embeddable":true,"href":"https:\/\/linitiative.ca\/International\/wp-json\/wp\/v2\/users\/1760"}],"replies":[{"embeddable":true,"href":"https:\/\/linitiative.ca\/International\/wp-json\/wp\/v2\/comments?post=128390"}],"version-history":[{"count":0,"href":"https:\/\/linitiative.ca\/International\/wp-json\/wp\/v2\/posts\/128390\/revisions"}],"wp:attachment":[{"href":"https:\/\/linitiative.ca\/International\/wp-json\/wp\/v2\/media?parent=128390"}],"wp:term":[{"taxonomy":"category","embeddable":true,"href":"https:\/\/linitiative.ca\/International\/wp-json\/wp\/v2\/categories?post=128390"},{"taxonomy":"post_tag","embeddable":true,"href":"https:\/\/linitiative.ca\/International\/wp-json\/wp\/v2\/tags?post=128390"}],"curies":[{"name":"wp","href":"https:\/\/api.w.org\/{rel}","templated":true}]}}