{"id":128391,"date":"2021-09-27T14:00:00","date_gmt":"2021-09-27T18:00:00","guid":{"rendered":"https:\/\/linitiative.ca\/International\/ouverture-a-tunis-du-congres-mondial-des-ecrivains-de-langue-francaise\/"},"modified":"2021-09-27T14:00:00","modified_gmt":"2021-09-27T18:00:00","slug":"ouverture-a-tunis-du-congres-mondial-des-ecrivains-de-langue-francaise","status":"publish","type":"post","link":"https:\/\/linitiative.ca\/International\/ouverture-a-tunis-du-congres-mondial-des-ecrivains-de-langue-francaise\/","title":{"rendered":"Ouverture \u00e0 Tunis du Congr\u00e8s mondial des \u00e9crivains de langue fran\u00e7aise"},"content":{"rendered":"<div>\n<p class=\"has-text-align-center has-vivid-red-color has-text-color\"><strong>Avec la participation du Maroc<\/strong><\/p>\n<p class=\"has-text-align-left has-black-color has-text-color\"><strong>Tunis abrite le Congr\u00e8s mondial des \u00e9crivains de langue fran\u00e7aise, ouvert samedi avec la participation du Maroc.<br \/>Au programme de cette manifestation figure une conf\u00e9rence intitul\u00e9e \u00ab\u00a0Que Signifie Ecrire en Fran\u00e7ais\u00a0\u00bb.<br \/>A cette occasion, Leila Slimani, \u00e9crivaine franco-marocaine et pr\u00e9sidente du comit\u00e9 litt\u00e9raire au Congr\u00e8s mondial des \u00e9crivains de langue fran\u00e7aise a mis l\u2019accent sur les difficult\u00e9s organisationnelles de cet \u00e9v\u00e9nement d\u2019envergure, li\u00e9es \u00e0 la pand\u00e9mie du Covid-19, tout en \u00e9voquant son riche parcours d\u2019\u00e9crivaine et sa relation avec la langue fran\u00e7aise.<\/strong><\/p>\n<p class=\"has-text-align-left has-black-color has-text-color\"><strong>Depuis ses d\u00e9buts dans l\u2019\u00e9criture et son int\u00e9r\u00eat pour la langue fran\u00e7aise, Leila Slimani a eu un parcours assez distingu\u00e9 qui, dit-elle, l\u2019a conduit \u00ab\u00a0de l\u2019\u00e9criture romanesque au journalisme\u00a0\u00bb. Son enfance et les questions de la femme sont au coeur des es romans crivaine native de Rabat en 1983.<\/strong><\/p>\n<p class=\"has-text-align-left has-black-color has-text-color\">Leila Slimani est laur\u00e9ate du Prix Goncourt 2016 pour son 2\u00e8me roman \u00ab\u00a0Chanson douce\u00a0\u00bb, une distinction qui lui a permis d\u2019avoir plus de visibilit\u00e9 dans le milieu litt\u00e9raire fran\u00e7ais.<\/p>\n<p class=\"has-text-align-left has-black-color has-text-color\">Elle si\u00e8ge, depuis 2017, au Conseil permanent de l\u2019Organisation internationale de la Francophonie, apr\u00e8s avoir \u00e9t\u00e9 nomm\u00e9e la Repr\u00e9sentante personnelle du pr\u00e9sident Emmanuel Macron pour la francophonie.<br \/>\u00ab\u00a0L\u2019usage du fran\u00e7ais pour les \u00e9crivains francophones non natifs constitue un vecteur de richesse linguistique et culturelle en g\u00e9n\u00e9ral\u00a0\u00bb, a pr\u00e9cis\u00e9 Slimani, qui a invit\u00e9 les jeunes \u00e0 maitriser le Fran\u00e7ais, l\u2019Anglais, le Portugais, l\u2019Espagnol ou toutes les autres langues ce qui leur ouvrent de larges perspectives sur le monde et les cultures.<\/p>\n<p class=\"has-text-align-left has-black-color has-text-color\">D\u2019apr\u00e8s elle, sa g\u00e9n\u00e9ration est largement \u00ab\u00a0consciente de son droit \u00e0 s\u2019exprimer librement\u00a0\u00bb. Elle affirme que ce mode de pens\u00e9e diff\u00e8re de celui des \u00ab\u00a0g\u00e9n\u00e9rations ayant v\u00e9cu durant l\u2019\u00e9poque du colonialisme ou de la guerre froide\u00a0\u00bb.<br \/>Dans le m\u00eame ordre d\u2019id\u00e9es, Leila Slimani cite \u00ab\u00a0la critique faite aux \u00e9crivains francophones d\u2019origine maghr\u00e9bine, parfois accus\u00e9s d\u2019aborder des questions qui sont loin des v\u00e9ritables pr\u00e9occupations de leurs concitoyens\u00a0\u00bb.<br \/>Sa mission au sein de la Francophonie constitue pour l\u2019\u00e9crivaine \u00ab\u00a0un moyen \u00e0 travers lequel elle essaye d\u2019offrir de nouvelles chances pour les jeunes artistes dans les diff\u00e9rentes sp\u00e9cialit\u00e9s dont le Cin\u00e9ma, la musique, le th\u00e9\u00e2tre et bien d\u2019autres\u00a0\u00bb.<\/p>\n<p class=\"has-text-align-left has-black-color has-text-color\">Dans sa relation avec la langue de Moli\u00e8re, Slimani opte pour une vision plus ouverte sur l\u2019usage du Fran\u00e7ais et son lien avec le colonialisme qui ne doit pas, selon elle, \u00ab\u00a0emp\u00eacher de voir les larges opportunit\u00e9s qu\u2019offre la francophonie\u00a0\u00bb.<br \/>De son c\u00f4t\u00e9, l\u2019\u00e9crivain Laurent Gaud\u00e9 a jug\u00e9 important de \u00ab\u00a0r\u00e9\u00e9crire l\u2019histoire en abordant les non-dits\u00a0\u00bb.<br \/>Cet \u00e9crivain dont les \u00e9crits sont ax\u00e9s sur des questions comme la migration, l\u2019asile, les guerres et l\u2019histoire, consid\u00e8re l\u2019\u00e9criture comme \u00ab\u00a0un moyen d\u2019expression qui t\u00e9moigne de la volont\u00e9 humaine\u00a0\u00bb.<br \/>Loin de pr\u00e9tendre le militantisme ou l\u2019engagement, Gaud\u00e9 insiste sur \u00ab\u00a0la vocation humaniste de l\u2019auteur qui doit \u00eatre habit\u00e9 par les causes et les maux de l\u2019Humanit\u00e9 o\u00f9 qu\u2019elle soit.\u00a0\u00bb<\/p>\n<p class=\"has-text-align-left has-black-color has-text-color\">Pour Gaud\u00e9, \u00ab\u00a0l\u2019engagement social\u00a0\u00bb permet de revenir sur \u00ab\u00a0des faits historiques dans ses \u00e9crits litt\u00e9raires en vue de rendre une certaine justice pour ceux avec qui l\u2019histoire n\u2019\u00e9tait pas juste\u00a0\u00bb.<br \/>Il estime aussi important d\u2019\u00eatre passionn\u00e9 par l\u2019\u00e9criture, en fran\u00e7ais ou autres. A son avis, les fautes de grammaire ou de conjugaison ne doivent pas d\u00e9courager l\u2019\u00e9crivain d\u00e9butant \u00e0 se lancer dans l\u2019\u00e9criture, tel \u00e9tait son cas \u00e0 ses d\u00e9buts, admet-il.<br \/>Lors des d\u00e9bats, romanciers, essayistes, po\u00e8tes et auteurs francophones issus de 14 pays des cinq continents abordent les questions de la langue, de l\u2019identit\u00e9, de l\u2019importance du r\u00e9seau francophone dans le monde et son impact positif sur chacun des pays repr\u00e9sent\u00e9s.<\/p>\n<p class=\"has-text-align-left has-black-color has-text-color\">Ce Congr\u00e8s est organis\u00e9 par l\u2019association \u00ab\u00a0Etonnants Voyageurs\u00a0\u00bb en partenariat avec les minist\u00e8res tunisien et fran\u00e7ais de la Culture et le d\u00e9partement fran\u00e7ais l\u2019Europe et des Affaires \u00e9trang\u00e8res, l\u2019Organisation Internationale de la Francophonie et l\u2019Institut fran\u00e7ais de Tunisie.<\/p>\n<p class=\"has-text-align-left has-black-color has-text-color\">Il se tient \u00e0 la suite de la manifestation \u00ab\u00a0Etats G\u00e9n\u00e9raux du livre en langue fran\u00e7aise dans le monde\u00a0\u00bb, en pr\u00e9lude du Sommet de la Francophonie qui se tiendra \u00e0 Djerba les 20 et 21 novembre prochains.<br \/>Le Comit\u00e9 litt\u00e9raire est compos\u00e9 de Le\u00efla Slimani (Maroc \u2013 France), Fawzia Zouari (Tunisie \u2013 France), Laurent Gaud\u00e9 ( France) et Felwine Sarr (S\u00e9n\u00e9gal). Il a choisi d\u2019inviter des auteurs pour repr\u00e9senter la litt\u00e9rature en langue fran\u00e7aise issue des cinq Continents.<\/p>\n<p class=\"has-text-align-left has-black-color has-text-color\">Yamen Mana\u00ef (Tunisie) sera parmi les invit\u00e9s nord africains dont Abigail Assor (Maroc), Ma\u00efssa Bey, Kamel Daoud et Boualem Sansal (Alg\u00e9rie). Du reste du monde, Rachel Khan, Pascal Blanchard, Yvon Le Men et Sylvain Prudhomme (France), Velibor Colic (Bosnie),Alain Mabanckou (Congo \u2013 France), Achille Mbembe (Cameroun), Gr\u00e9goire Polet (Belgique), Emmelie Proph\u00e8te (Ha\u00efti), Sami Tchak (Togo) et Beata Umubyeyi Mairesse (Rwanda \u2013 France).<br \/>D\u2019autres auteurs participeront en visioconf\u00e9rence aux rencontres du Congr\u00e8s, \u00e0 savoir Shu Cai (Chine), Souleymane Bachir Diagne (S\u00e9n\u00e9gal), Yanick Lahens (Ha\u00efti), V\u00e9ronique Tadjo (C\u00f4te d\u2019Ivoire).<\/p>\n<p>L\u2019article <a rel=\"nofollow\" href=\"http:\/\/albayane.press.ma\/ouverture-a-tunis-du-congres-mondial-des-ecrivains-de-langue-francaise.html\">Ouverture \u00e0 Tunis du Congr\u00e8s mondial des \u00e9crivains de langue fran\u00e7aise<\/a> est apparu en premier sur <a rel=\"nofollow\" href=\"http:\/\/albayane.press.ma\/\">ALBAYANE<\/a>.<\/p>\n<\/div>\n<p>Auteur: M&rsquo;hammed rahal<br \/>\n<a href=\"http:\/\/albayane.press.ma\/ouverture-a-tunis-du-congres-mondial-des-ecrivains-de-langue-francaise.html\">Cliquez ici pour lire l&rsquo;article depuis sa source.<\/a><\/p>\n","protected":false},"excerpt":{"rendered":"<p>Avec la participation du Maroc Tunis abrite le Congr\u00e8s mondial des \u00e9crivains de langue fran\u00e7aise, ouvert samedi avec la participation du Maroc.Au programme de cette manifestation figure une conf\u00e9rence intitul\u00e9e \u00ab\u00a0Que Signifie Ecrire en Fran\u00e7ais\u00a0\u00bb.A cette occasion, Leila Slimani, \u00e9crivaine franco-marocaine et pr\u00e9sidente du comit\u00e9 litt\u00e9raire au Congr\u00e8s mondial des \u00e9crivains de langue fran\u00e7aise a [&hellip;]<\/p>\n","protected":false},"author":1760,"featured_media":0,"comment_status":"closed","ping_status":"closed","sticky":false,"template":"","format":"standard","meta":{"fifu_image_url":"","fifu_image_alt":"","footnotes":""},"categories":[73,54],"tags":[],"class_list":["post-128391","post","type-post","status-publish","format-standard","hentry","category-actualite","category-maroc"],"_links":{"self":[{"href":"https:\/\/linitiative.ca\/International\/wp-json\/wp\/v2\/posts\/128391","targetHints":{"allow":["GET"]}}],"collection":[{"href":"https:\/\/linitiative.ca\/International\/wp-json\/wp\/v2\/posts"}],"about":[{"href":"https:\/\/linitiative.ca\/International\/wp-json\/wp\/v2\/types\/post"}],"author":[{"embeddable":true,"href":"https:\/\/linitiative.ca\/International\/wp-json\/wp\/v2\/users\/1760"}],"replies":[{"embeddable":true,"href":"https:\/\/linitiative.ca\/International\/wp-json\/wp\/v2\/comments?post=128391"}],"version-history":[{"count":0,"href":"https:\/\/linitiative.ca\/International\/wp-json\/wp\/v2\/posts\/128391\/revisions"}],"wp:attachment":[{"href":"https:\/\/linitiative.ca\/International\/wp-json\/wp\/v2\/media?parent=128391"}],"wp:term":[{"taxonomy":"category","embeddable":true,"href":"https:\/\/linitiative.ca\/International\/wp-json\/wp\/v2\/categories?post=128391"},{"taxonomy":"post_tag","embeddable":true,"href":"https:\/\/linitiative.ca\/International\/wp-json\/wp\/v2\/tags?post=128391"}],"curies":[{"name":"wp","href":"https:\/\/api.w.org\/{rel}","templated":true}]}}