{"id":128400,"date":"2021-09-28T06:27:22","date_gmt":"2021-09-28T10:27:22","guid":{"rendered":"https:\/\/linitiative.ca\/International\/le-peuple-marocain-celebre-mercredi-lanniversaire-de-sar-la-princesse-lalla-asmaa\/"},"modified":"2021-09-28T06:27:22","modified_gmt":"2021-09-28T10:27:22","slug":"le-peuple-marocain-celebre-mercredi-lanniversaire-de-sar-la-princesse-lalla-asmaa","status":"publish","type":"post","link":"https:\/\/linitiative.ca\/International\/le-peuple-marocain-celebre-mercredi-lanniversaire-de-sar-la-princesse-lalla-asmaa\/","title":{"rendered":"Le peuple marocain c\u00e9l\u00e8bre mercredi l\u2019anniversaire de SAR la Princesse Lalla Asmaa"},"content":{"rendered":"<div>\n<div style=\"margin-bottom:20px;\"><img loading=\"lazy\" decoding=\"async\" width=\"750\" height=\"430\" src=\"https:\/\/linitiative.ca\/International\/wp-content\/uploads\/sites\/23\/2021\/09\/SAR-la-Princesse-Lalla-Asmaa.jpg\" class=\"attachment-post-thumbnail size-post-thumbnail wp-post-image\" alt=\"\" srcset=\"https:\/\/linitiative.ca\/International\/wp-content\/uploads\/sites\/23\/2021\/09\/SAR-la-Princesse-Lalla-Asmaa.jpg 750w, http:\/\/www.mapoujda.ma\/map\/uploads\/2021\/09\/SAR-la-Princesse-Lalla-Asmaa-300x172.jpg 300w\" sizes=\"auto, (max-width: 750px) 100vw, 750px\"><\/div>\n<div class=\"entry-content clearfix single-post-content\">\n<p style=\"text-align: justify;\">La Famille Royale et le peuple marocain c\u00e9l\u00e8brent, mercredi, l\u2019anniversaire de SAR la Princesse Lalla Asmaa, une occasion de souligner l\u2019affection singuli\u00e8re et l\u2019engagement sans faille de Son Altesse Royale en faveur de la promotion des actions de bienfaisance.<\/p>\n<p style=\"text-align: justify;\">Princesse au grand c\u0153ur, SAR la Princesse Lalla Asmaa s\u2019est engag\u00e9e d\u00e8s son jeune \u00e2ge dans le militantisme social, accordant une importance cruciale \u00e0 l\u2019am\u00e9lioration de la situation des enfants \u00e0 besoins sp\u00e9cifiques, essentiellement les enfants sourds-muets.<\/p>\n<p style=\"text-align: justify;\">En sa qualit\u00e9 de Pr\u00e9sidente de la Fondation Lalla Asmaa pour Enfants et Jeunes sourds, Son Altesse Royale se pr\u00e9occupe de cette cat\u00e9gorie vuln\u00e9rable, l\u2019entourant de sa sollicitude et veillant ainsi \u00e0 son bien-\u00eatre et \u00e0 son insertion dans la soci\u00e9t\u00e9 marocaine.<\/p>\n<p style=\"text-align: justify;\">G\u00e9n\u00e9reuse de son temps et de sa personne, SAR la Princesse Lalla Asmaa apporte un soutien inestimable \u00e0 cette institution, pionni\u00e8re en mati\u00e8re de prise en charge des enfants sourds-muets.<\/p>\n<p style=\"text-align: justify;\">Depuis plusieurs d\u00e9cennies, la Fondation propose un enseignement sp\u00e9cialis\u00e9, bas\u00e9 sur le programme du cycle primaire et secondaire de l\u2019\u00e9ducation nationale, aux b\u00e9n\u00e9ficiaires qui ont droit \u00e0 un accompagnement technique gr\u00e2ce, notamment, \u00e0 des proth\u00e8ses auditives num\u00e9riques, \u00e0 des implants cochl\u00e9aires et \u00e0 des syst\u00e8mes \u00e9lectroniques de transmission qui favorisent leur adaptation et leur sortie de l\u2019isolement.<\/p>\n<p style=\"text-align: justify;\">La premi\u00e8re promotion des bacheliers, issue de la Fondation, avait pu b\u00e9n\u00e9ficier, d\u00e8s la rentr\u00e9e 2018, des conventions de partenariat sign\u00e9es avec la Facult\u00e9 des sciences de Rabat et l\u2019Universit\u00e9 Euro-m\u00e9diterran\u00e9enne de F\u00e8s, ce qui a permis d\u2019\u00e9largir les champs d\u2019acc\u00e8s \u00e0 l\u2019enseignement sup\u00e9rieur \u00e0 ces \u00e9tudiants et \u00e0 tous ceux et celles qui les suivront.<\/p>\n<p style=\"text-align: justify;\">De son c\u00f4t\u00e9, la formation professionnelle n\u2019en demeure pas en reste. En effet, des formations en broderie, tissage, coiffure et arts plastiques sont dispens\u00e9es par l\u2019institution qui prend le parti d\u2019initier ses \u00e9l\u00e8ves \u00e0 des sp\u00e9cialit\u00e9s int\u00e9gr\u00e9es dans les centres de la formation professionnelle, relevant du secteur de l\u2019Artisanat.<\/p>\n<p style=\"text-align: justify;\">Par ailleurs, SAR la Princesse Lalla Asmaa tient \u00e0 pr\u00e9sider, chaque ann\u00e9e, la c\u00e9r\u00e9monie de fin d\u2019ann\u00e9e scolaire de la Fondation.<\/p>\n<p style=\"text-align: justify;\">En avril 2020, la Fondation a contribu\u00e9 \u00e0 hauteur de 200.000 dirhams au Fonds sp\u00e9cial d\u00e9di\u00e9 \u00e0 la gestion de la pand\u00e9mie du nouveau coronavirus (Covid-19), mis en place sur Hautes Instructions de SM le Roi Mohammed VI.<\/p>\n<p style=\"text-align: justify;\">Le 23 janvier 2021, la Fondation Lalla Asmaa pour enfants et jeunes sourds et le minist\u00e8re de l\u2019\u00c9ducation nationale, de la formation professionnelle, de l\u2019enseignement sup\u00e9rieur et de la recherche scientifique ont sign\u00e9 une convention-cadre de partenariat.<\/p>\n<p style=\"text-align: justify;\">Cette convention-cadre vise la promotion de la scolarisation des enfants malentendants dans les \u00e9tablissements scolaires et les universit\u00e9s publiques, la r\u00e9habilitation des espaces pour enfants malentendants, la lutte contre l\u2019abandon scolaire dans le domaine du handicap, l\u2019encouragement et la g\u00e9n\u00e9ralisation de l\u2019enseignement pr\u00e9scolaire des enfants malentendants, et le renforcement des capacit\u00e9s des cadres \u00e9ducatifs et administratifs, ainsi que des familles, en ce qui concerne les techniques et les m\u00e9canismes d\u2019\u00e9ducation inclusive pour les enfants souffrant de surdit\u00e9.<\/p>\n<p style=\"text-align: justify;\">En f\u00e9vrier dernier, la Fondation Lalla Asmaa pour enfants et jeunes sourds et l\u2019Agence Maghreb Arabe Presse (MAP) ont sign\u00e9 un contrat de partenariat relatif \u00e0 la promotion de la campagne NASMAA d\u2019implants cochl\u00e9aires au profit des enfants sourds.<\/p>\n<p style=\"text-align: justify;\">Lanc\u00e9e le 12 f\u00e9vrier, cette campagne cible sur deux ans plus de 800 enfants sourds \u00e0 l\u2019\u00e9chelon national, \u00e2g\u00e9s de 5 ans ou moins, issus de familles d\u00e9favoris\u00e9es. Elle est le fruit d\u2019un partenariat entre la Fondation Lalla Asmaa, le minist\u00e8re de la Sant\u00e9, l\u2019H\u00f4pital Militaire d\u2019Instruction Mohammed V, les CHU et les associations \u0153uvrant dans ce domaine.<\/p>\n<p style=\"text-align: justify;\">Les activit\u00e9s culturelles et sportives se trouvent \u00e9galement au c\u0153ur des pr\u00e9occupations de Son Altesse Royale qui est, en outre, la Pr\u00e9sidente d\u2019honneur de la Soci\u00e9t\u00e9 protectrice des Animaux et de la Nature.<\/p>\n<p style=\"text-align: justify;\">Avec la c\u00e9l\u00e9bration de l\u2019anniversaire de SAR la Princesse Lalla Asmaa, le peuple marocain rend hommage \u00e0 une Princesse fortement engag\u00e9e qui, par sa grande bont\u00e9 et son humanisme infaillible, a marqu\u00e9 \u00e0 jamais l\u2019action sociale, au profit des enfants malentendants.<\/p>\n<\/div>\n<p>L\u2019article <a rel=\"nofollow\" href=\"http:\/\/www.mapoujda.ma\/fr\/le-peuple-marocain-celebre-mercredi-lanniversaire-de-sar-la-princesse-lalla-asmaa\/\">Le peuple marocain c\u00e9l\u00e8bre mercredi l\u2019anniversaire de SAR la Princesse Lalla Asmaa<\/a> est apparu en premier sur <a rel=\"nofollow\" href=\"http:\/\/www.mapoujda.ma\/fr\">MapOujda<\/a>.<\/p>\n<\/div>\n<p>Auteur: Soufiane ELAHMAR<br \/>\n<a href=\"http:\/\/www.mapoujda.ma\/fr\/le-peuple-marocain-celebre-mercredi-lanniversaire-de-sar-la-princesse-lalla-asmaa\/\">Cliquez ici pour lire l&rsquo;article depuis sa source.<\/a><\/p>\n","protected":false},"excerpt":{"rendered":"<p>La Famille Royale et le peuple marocain c\u00e9l\u00e8brent, mercredi, l\u2019anniversaire de SAR la Princesse Lalla Asmaa, une occasion de souligner l\u2019affection singuli\u00e8re et l\u2019engagement sans faille de Son Altesse Royale en faveur de la promotion des actions de bienfaisance. Princesse au grand c\u0153ur, SAR la Princesse Lalla Asmaa s\u2019est engag\u00e9e d\u00e8s son jeune \u00e2ge dans [&hellip;]<\/p>\n","protected":false},"author":1788,"featured_media":0,"comment_status":"closed","ping_status":"closed","sticky":false,"template":"","format":"standard","meta":{"fifu_image_url":"http:\/\/www.mapoujda.ma\/map\/uploads\/2021\/09\/SAR-la-Princesse-Lalla-Asmaa.jpg","fifu_image_alt":"Le peuple marocain c\u00e9l\u00e8bre mercredi l\u2019anniversaire de SAR la Princesse Lalla Asmaa","footnotes":""},"categories":[54,76],"tags":[],"class_list":["post-128400","post","type-post","status-publish","format-standard","hentry","category-maroc","category-regions"],"_links":{"self":[{"href":"https:\/\/linitiative.ca\/International\/wp-json\/wp\/v2\/posts\/128400","targetHints":{"allow":["GET"]}}],"collection":[{"href":"https:\/\/linitiative.ca\/International\/wp-json\/wp\/v2\/posts"}],"about":[{"href":"https:\/\/linitiative.ca\/International\/wp-json\/wp\/v2\/types\/post"}],"author":[{"embeddable":true,"href":"https:\/\/linitiative.ca\/International\/wp-json\/wp\/v2\/users\/1788"}],"replies":[{"embeddable":true,"href":"https:\/\/linitiative.ca\/International\/wp-json\/wp\/v2\/comments?post=128400"}],"version-history":[{"count":0,"href":"https:\/\/linitiative.ca\/International\/wp-json\/wp\/v2\/posts\/128400\/revisions"}],"wp:attachment":[{"href":"https:\/\/linitiative.ca\/International\/wp-json\/wp\/v2\/media?parent=128400"}],"wp:term":[{"taxonomy":"category","embeddable":true,"href":"https:\/\/linitiative.ca\/International\/wp-json\/wp\/v2\/categories?post=128400"},{"taxonomy":"post_tag","embeddable":true,"href":"https:\/\/linitiative.ca\/International\/wp-json\/wp\/v2\/tags?post=128400"}],"curies":[{"name":"wp","href":"https:\/\/api.w.org\/{rel}","templated":true}]}}