{"id":128402,"date":"2021-09-28T10:54:46","date_gmt":"2021-09-28T14:54:46","guid":{"rendered":"https:\/\/linitiative.ca\/International\/covid-19-les-cas-positifs-en-baisse-pour-la-septieme-semaine-consecutive\/"},"modified":"2021-09-28T10:54:46","modified_gmt":"2021-09-28T14:54:46","slug":"covid-19-les-cas-positifs-en-baisse-pour-la-septieme-semaine-consecutive","status":"publish","type":"post","link":"https:\/\/linitiative.ca\/International\/covid-19-les-cas-positifs-en-baisse-pour-la-septieme-semaine-consecutive\/","title":{"rendered":"Covid-19: les cas positifs en baisse pour la septi\u00e8me semaine cons\u00e9cutive"},"content":{"rendered":"<div>\n<div style=\"margin-bottom:20px;\"><img loading=\"lazy\" decoding=\"async\" width=\"750\" height=\"430\" src=\"https:\/\/linitiative.ca\/International\/wp-content\/uploads\/sites\/23\/2021\/09\/MinistC3A8re-de-la-SantC3A9-Marocaine-M750C397430-MAP.jpg\" class=\"attachment-post-thumbnail size-post-thumbnail wp-post-image\" alt=\"\" srcset=\"https:\/\/linitiative.ca\/International\/wp-content\/uploads\/sites\/23\/2021\/09\/MinistC3A8re-de-la-SantC3A9-Marocaine-M750C397430-MAP.jpg 750w, http:\/\/www.mapoujda.ma\/map\/uploads\/2020\/03\/Minist\u00e8re-de-la-Sant\u00e9-Marocaine-M750\u00d7430-MAP-300x172.jpg 300w\" sizes=\"auto, (max-width: 750px) 100vw, 750px\"><\/div>\n<p style=\"text-align: justify;\">Les cas positifs de Covid-19 sont toujours en baisse pour la septi\u00e8me semaine cons\u00e9cutive dans toutes les r\u00e9gions du Royaume, a annonc\u00e9 mardi le minist\u00e8re de la Sant\u00e9, affirmant que cette \u00e9volution \u00e9pid\u00e9miologique est globalement valable pour tous les indicateurs.<\/p>\n<p style=\"text-align: justify;\">L\u2019\u00e9tude des indicateurs de suivi de la situation \u00e9pid\u00e9miologique, du 14 au 27 septembre, montre que la tendance baissi\u00e8re se poursuit depuis sept semaines pour ce qui est des contaminations par la Covid-19, a d\u00e9clar\u00e9 le chef de la division des maladies transmissibles au minist\u00e8re, Abdelkrim Meziane Bellefquih. Les cas positifs sont en effet pass\u00e9s de 15.000 cas hebdomadaires il y a 2 semaines \u00e0 moins de 10.000 cas la semaine derni\u00e8re, soit une baisse de 36%.<\/p>\n<p style=\"text-align: justify;\">Le taux de reproduction du virus a baiss\u00e9 durant les deux derni\u00e8res semaines, de m\u00eame que le taux de positivit\u00e9 qui est pass\u00e9 de 12 \u00e0 8% durant la m\u00eame p\u00e9riode. La m\u00eame tendance \u00e0 la baisse a \u00e9t\u00e9 observ\u00e9e au niveau du nombre de cas actifs, qui sont pass\u00e9s de 30.000 \u00e0 moins de 17.000 cas lundi, soit une baisse de 43%.<\/p>\n<p style=\"text-align: justify;\">Le nombre des cas critiques a pour sa part chut\u00e9 de 35%, avec 1.148 cas lundi contre 1.764 il y a deux semaines. Le taux d\u2019occupation des lits r\u00e9serv\u00e9s aux cas critiques se situe \u00e0 21 % contre 33% le 14 septembre.<\/p>\n<p style=\"text-align: justify;\">En outre, le nombre des cas plac\u00e9s sous intubation au sein des unit\u00e9s de r\u00e9animation a connu une baisse significative de 46% durant les deux derni\u00e8res semaines, tandis que la courbe des d\u00e9c\u00e8s a nettement baiss\u00e9 pour la sixi\u00e8me semaine de suite (257 d\u00e9c\u00e8s contre 364 d\u00e9c\u00e8s, soit une baisse de 30%).<\/p>\n<p style=\"text-align: justify;\">S\u2019agissant de l\u2019op\u00e9ration de vaccination anti-Covid-19, M. Meziane Bellefquih a indiqu\u00e9 que le Maroc a franchi la barre des 40,7 millions d\u2019injections, premi\u00e8re et deuxi\u00e8me doses confondues, tout en appelant au respect le plus strict des mesures pr\u00e9ventives en vigueur et \u00e0 une large participation \u00e0 la campagne nationale de vaccination.<\/p>\n<p>L\u2019article <a rel=\"nofollow\" href=\"http:\/\/www.mapoujda.ma\/fr\/covid-19-les-cas-positifs-en-baisse-pour-la-septieme-semaine-consecutive\/\">Covid-19: les cas positifs en baisse pour la septi\u00e8me semaine cons\u00e9cutive<\/a> est apparu en premier sur <a rel=\"nofollow\" href=\"http:\/\/www.mapoujda.ma\/fr\">MapOujda<\/a>.<\/p>\n<\/div>\n<p>Auteur: Soufiane ELAHMAR<br \/>\n<a href=\"http:\/\/www.mapoujda.ma\/fr\/covid-19-les-cas-positifs-en-baisse-pour-la-septieme-semaine-consecutive\/\">Cliquez ici pour lire l&rsquo;article depuis sa source.<\/a><\/p>\n","protected":false},"excerpt":{"rendered":"<p>Les cas positifs de Covid-19 sont toujours en baisse pour la septi\u00e8me semaine cons\u00e9cutive dans toutes les r\u00e9gions du Royaume, a annonc\u00e9 mardi le minist\u00e8re de la Sant\u00e9, affirmant que cette \u00e9volution \u00e9pid\u00e9miologique est globalement valable pour tous les indicateurs. L\u2019\u00e9tude des indicateurs de suivi de la situation \u00e9pid\u00e9miologique, du 14 au 27 septembre, montre [&hellip;]<\/p>\n","protected":false},"author":1788,"featured_media":0,"comment_status":"closed","ping_status":"closed","sticky":false,"template":"","format":"standard","meta":{"fifu_image_url":"http:\/\/www.mapoujda.ma\/map\/uploads\/2020\/03\/Minist\u00e8re-de-la-Sant\u00e9-Marocaine-M750\u00d7430-MAP.jpg","fifu_image_alt":"Covid-19: les cas positifs en baisse pour la septi\u00e8me semaine cons\u00e9cutive","footnotes":""},"categories":[54,76],"tags":[],"class_list":["post-128402","post","type-post","status-publish","format-standard","hentry","category-maroc","category-regions"],"_links":{"self":[{"href":"https:\/\/linitiative.ca\/International\/wp-json\/wp\/v2\/posts\/128402","targetHints":{"allow":["GET"]}}],"collection":[{"href":"https:\/\/linitiative.ca\/International\/wp-json\/wp\/v2\/posts"}],"about":[{"href":"https:\/\/linitiative.ca\/International\/wp-json\/wp\/v2\/types\/post"}],"author":[{"embeddable":true,"href":"https:\/\/linitiative.ca\/International\/wp-json\/wp\/v2\/users\/1788"}],"replies":[{"embeddable":true,"href":"https:\/\/linitiative.ca\/International\/wp-json\/wp\/v2\/comments?post=128402"}],"version-history":[{"count":0,"href":"https:\/\/linitiative.ca\/International\/wp-json\/wp\/v2\/posts\/128402\/revisions"}],"wp:attachment":[{"href":"https:\/\/linitiative.ca\/International\/wp-json\/wp\/v2\/media?parent=128402"}],"wp:term":[{"taxonomy":"category","embeddable":true,"href":"https:\/\/linitiative.ca\/International\/wp-json\/wp\/v2\/categories?post=128402"},{"taxonomy":"post_tag","embeddable":true,"href":"https:\/\/linitiative.ca\/International\/wp-json\/wp\/v2\/tags?post=128402"}],"curies":[{"name":"wp","href":"https:\/\/api.w.org\/{rel}","templated":true}]}}