{"id":128404,"date":"2021-09-28T11:04:29","date_gmt":"2021-09-28T15:04:29","guid":{"rendered":"https:\/\/linitiative.ca\/International\/le-ministere-de-la-maison-royale-du-protocole-et-de-la-chancellerie-annonce-le-deces-de-sar-la-princesse-lalla-malika\/"},"modified":"2021-09-28T11:04:29","modified_gmt":"2021-09-28T15:04:29","slug":"le-ministere-de-la-maison-royale-du-protocole-et-de-la-chancellerie-annonce-le-deces-de-sar-la-princesse-lalla-malika","status":"publish","type":"post","link":"https:\/\/linitiative.ca\/International\/le-ministere-de-la-maison-royale-du-protocole-et-de-la-chancellerie-annonce-le-deces-de-sar-la-princesse-lalla-malika\/","title":{"rendered":"Le minist\u00e8re de la Maison Royale, du Protocole et de la Chancellerie annonce le d\u00e9c\u00e8s de SAR la Princesse Lalla Malika"},"content":{"rendered":"<div>\n<div style=\"margin-bottom:20px;\"><img loading=\"lazy\" decoding=\"async\" width=\"750\" height=\"430\" src=\"https:\/\/linitiative.ca\/International\/wp-content\/uploads\/sites\/23\/2021\/09\/Princesse-Lalla-Malika_750x430.jpg\" class=\"attachment-post-thumbnail size-post-thumbnail wp-post-image\" alt=\"\" srcset=\"https:\/\/linitiative.ca\/International\/wp-content\/uploads\/sites\/23\/2021\/09\/Princesse-Lalla-Malika_750x430.jpg 750w, http:\/\/www.mapoujda.ma\/map\/uploads\/2021\/09\/Princesse-Lalla-Malika_750x430-300x172.jpg 300w\" sizes=\"auto, (max-width: 750px) 100vw, 750px\"><\/div>\n<div class=\"entry-content clearfix single-post-content\">\n<p style=\"text-align: justify;\">Le minist\u00e8re de la Maison Royale, du Protocole et de la Chancellerie a annonc\u00e9 le d\u00e9c\u00e8s, mardi \u00e0 Rabat, de SAR la Princesse Lalla Malika, fille de feu Sa Majest\u00e9 le Roi Mohammed V, s\u0153ur de feu Sa Majest\u00e9 le Roi Hassan II, que Dieu ait leurs \u00e2mes, et tante de SM le Roi Mohammed VI, que Dieu L\u2019Assiste.<\/p>\n<p style=\"text-align: justify;\">\u00ab\u00a0Le minist\u00e8re de la Maison Royale, du Protocole et de la Chancellerie a annonc\u00e9, avec une grande \u00e9motion et une profonde affliction, le d\u00e9c\u00e8s de la regrett\u00e9e Son Altesse Royale la Princesse Lalla Malika, fille de feu Sa Majest\u00e9 le Roi Mohammed V, s\u0153ur de feu Sa Majest\u00e9 le Roi Hassan II, que Dieu ait leurs \u00e2mes, et tante de SM le Roi Mohammed VI, que Dieu L\u2019Assiste, qui a r\u00e9pondu \u00e0 l\u2019appel de Dieu, ce mardi 20 Safar Al Kheir 1443 de l\u2019H\u00e9gire, correspondant au 28 septembre 2021 \u00e0 Rabat\u00a0\u00bb, indique le minist\u00e8re dans un communiqu\u00e9, implorant le Tout-Puissant d\u2019accueillir la D\u00e9funte en Son vaste paradis, parmi les fid\u00e8les vertueux.<\/p>\n<p style=\"text-align: justify;\">En cette douloureuse circonstance, le Minist\u00e8re de la Maison Royale, du Protocole et de la Chancellerie et l\u2019ensemble du peuple marocain pr\u00e9sentent leurs vives condol\u00e9ances et leurs sinc\u00e8res sentiments de compassion \u00e0 SM le Roi Mohammed VI, que Dieu Le pr\u00e9serve, et \u00e0 tous les membres de l\u2019Illustre Famille Royale pour cette perte cruelle, la volont\u00e9 divine \u00e9tant imparable, implorant le Tr\u00e8s-Haut d\u2019accueillir la d\u00e9funte en Sa sainte mis\u00e9ricorde et Son vaste paradis.<\/p>\n<p style=\"text-align: justify;\">Vu les mesures pr\u00e9ventives en vigueur \u00e0 cause de l\u2019\u00e9volution de la situation sanitaire, SM le Roi, que Dieu Le glorifie, a veill\u00e9 \u00e0 ce que les obs\u00e8ques de la d\u00e9funte se d\u00e9roulent dans un cadre familial priv\u00e9 avec une pr\u00e9sence tr\u00e8s limit\u00e9e, dans le respect total de ces mesures, pr\u00e9cise la m\u00eame source.<\/p>\n<p style=\"text-align: justify;\">Puisse Dieu pr\u00e9server Sa Majest\u00e9 le Roi, perp\u00e9tuer sur Lui les bienfaits de la sant\u00e9 et Lui accorder longue vie. Puisse le Tout-Puissant combler le Souverain en la personne de Son Altesse Royale le Prince H\u00e9ritier Moulay El Hassan, de Son Altesse Royale le Prince Moulay Rachid et de tous les membres de l\u2019illustre Famille Royale. Dieu L\u2019Audient exauce les v\u0153ux de ceux qui L\u2019implorent.<\/p>\n<\/div>\n<p>L\u2019article <a rel=\"nofollow\" href=\"http:\/\/www.mapoujda.ma\/fr\/le-ministere-de-la-maison-royale-du-protocole-et-de-la-chancellerie-annonce-le-deces-de-sar-la-princesse-lalla-malika\/\">Le minist\u00e8re de la Maison Royale, du Protocole et de la Chancellerie annonce le d\u00e9c\u00e8s de SAR la Princesse Lalla Malika<\/a> est apparu en premier sur <a rel=\"nofollow\" href=\"http:\/\/www.mapoujda.ma\/fr\">MapOujda<\/a>.<\/p>\n<\/div>\n<p>Auteur: Soufiane ELAHMAR<br \/>\n<a href=\"http:\/\/www.mapoujda.ma\/fr\/le-ministere-de-la-maison-royale-du-protocole-et-de-la-chancellerie-annonce-le-deces-de-sar-la-princesse-lalla-malika\/\">Cliquez ici pour lire l&rsquo;article depuis sa source.<\/a><\/p>\n","protected":false},"excerpt":{"rendered":"<p>Le minist\u00e8re de la Maison Royale, du Protocole et de la Chancellerie a annonc\u00e9 le d\u00e9c\u00e8s, mardi \u00e0 Rabat, de SAR la Princesse Lalla Malika, fille de feu Sa Majest\u00e9 le Roi Mohammed V, s\u0153ur de feu Sa Majest\u00e9 le Roi Hassan II, que Dieu ait leurs \u00e2mes, et tante de SM le Roi Mohammed [&hellip;]<\/p>\n","protected":false},"author":1788,"featured_media":0,"comment_status":"closed","ping_status":"closed","sticky":false,"template":"","format":"standard","meta":{"fifu_image_url":"http:\/\/www.mapoujda.ma\/map\/uploads\/2021\/09\/Princesse-Lalla-Malika_750x430.jpg","fifu_image_alt":"Le minist\u00e8re de la Maison Royale, du Protocole et de la Chancellerie annonce le d\u00e9c\u00e8s de SAR la Princesse Lalla Malika","footnotes":""},"categories":[54,76],"tags":[],"class_list":["post-128404","post","type-post","status-publish","format-standard","hentry","category-maroc","category-regions"],"_links":{"self":[{"href":"https:\/\/linitiative.ca\/International\/wp-json\/wp\/v2\/posts\/128404","targetHints":{"allow":["GET"]}}],"collection":[{"href":"https:\/\/linitiative.ca\/International\/wp-json\/wp\/v2\/posts"}],"about":[{"href":"https:\/\/linitiative.ca\/International\/wp-json\/wp\/v2\/types\/post"}],"author":[{"embeddable":true,"href":"https:\/\/linitiative.ca\/International\/wp-json\/wp\/v2\/users\/1788"}],"replies":[{"embeddable":true,"href":"https:\/\/linitiative.ca\/International\/wp-json\/wp\/v2\/comments?post=128404"}],"version-history":[{"count":0,"href":"https:\/\/linitiative.ca\/International\/wp-json\/wp\/v2\/posts\/128404\/revisions"}],"wp:attachment":[{"href":"https:\/\/linitiative.ca\/International\/wp-json\/wp\/v2\/media?parent=128404"}],"wp:term":[{"taxonomy":"category","embeddable":true,"href":"https:\/\/linitiative.ca\/International\/wp-json\/wp\/v2\/categories?post=128404"},{"taxonomy":"post_tag","embeddable":true,"href":"https:\/\/linitiative.ca\/International\/wp-json\/wp\/v2\/tags?post=128404"}],"curies":[{"name":"wp","href":"https:\/\/api.w.org\/{rel}","templated":true}]}}