{"id":128407,"date":"2021-09-28T10:12:26","date_gmt":"2021-09-28T14:12:26","guid":{"rendered":"https:\/\/linitiative.ca\/International\/nouvelle-attaque-sur-une-route-dans-le-nord-du-mali\/"},"modified":"2021-09-28T10:12:26","modified_gmt":"2021-09-28T14:12:26","slug":"nouvelle-attaque-sur-une-route-dans-le-nord-du-mali","status":"publish","type":"post","link":"https:\/\/linitiative.ca\/International\/nouvelle-attaque-sur-une-route-dans-le-nord-du-mali\/","title":{"rendered":"Nouvelle attaque sur une route dans le nord du Mali"},"content":{"rendered":"<div>\n<div class=\"field field-name-body field-type-text-with-summary field-label-hidden\">\n<div class=\"field-items\">\n<div class=\"field-item even\" property=\"content:encoded\">\n<p>Une nouvelle attaque perp\u00e9tr\u00e9e par des inconnus visant un convoi de camionneurs a eu lieu, mardi matin, sur une route dans le nord du Mali, a-t-on indiqu\u00e9 de sources locales.<\/p>\n<p>Des vid\u00e9os de cette attaque, relay\u00e9es sur les r\u00e9seaux sociaux, montraient la destruction d&rsquo;un certain nombre de camions charg\u00e9s de mat\u00e9riel lourd. L&rsquo;attaque perp\u00e9tr\u00e9e par des inconnus a provoqu\u00e9 la suspension du trafic sur cette route importante, a-t-on appris de m\u00eame source.<\/p>\n<p>On ignore pour le moment si cette attaque a fait des victimes.<\/p>\n<p>\u00a0<\/p>\n<\/div>\n<\/div>\n<\/div>\n<\/div>\n<p>Auteur: mbasraoui<br \/>\n<a href=\"https:\/\/www.leconomiste.com\/flash-infos\/nouvelle-attaque-sur-une-route-dans-le-nord-du-mali\">Cliquez ici pour lire l&rsquo;article depuis sa source.<\/a><\/p>\n","protected":false},"excerpt":{"rendered":"<p>Une nouvelle attaque perp\u00e9tr\u00e9e par des inconnus visant un convoi de camionneurs a eu lieu, mardi matin, sur une route dans le nord du Mali, a-t-on indiqu\u00e9 de sources locales. Des vid\u00e9os de cette attaque, relay\u00e9es sur les r\u00e9seaux sociaux, montraient la destruction d&rsquo;un certain nombre de camions charg\u00e9s de mat\u00e9riel lourd. L&rsquo;attaque perp\u00e9tr\u00e9e par [&hellip;]<\/p>\n","protected":false},"author":1763,"featured_media":0,"comment_status":"closed","ping_status":"closed","sticky":false,"template":"","format":"standard","meta":{"fifu_image_url":"","fifu_image_alt":"","footnotes":""},"categories":[78,54],"tags":[],"class_list":["post-128407","post","type-post","status-publish","format-standard","hentry","category-economie","category-maroc"],"_links":{"self":[{"href":"https:\/\/linitiative.ca\/International\/wp-json\/wp\/v2\/posts\/128407","targetHints":{"allow":["GET"]}}],"collection":[{"href":"https:\/\/linitiative.ca\/International\/wp-json\/wp\/v2\/posts"}],"about":[{"href":"https:\/\/linitiative.ca\/International\/wp-json\/wp\/v2\/types\/post"}],"author":[{"embeddable":true,"href":"https:\/\/linitiative.ca\/International\/wp-json\/wp\/v2\/users\/1763"}],"replies":[{"embeddable":true,"href":"https:\/\/linitiative.ca\/International\/wp-json\/wp\/v2\/comments?post=128407"}],"version-history":[{"count":0,"href":"https:\/\/linitiative.ca\/International\/wp-json\/wp\/v2\/posts\/128407\/revisions"}],"wp:attachment":[{"href":"https:\/\/linitiative.ca\/International\/wp-json\/wp\/v2\/media?parent=128407"}],"wp:term":[{"taxonomy":"category","embeddable":true,"href":"https:\/\/linitiative.ca\/International\/wp-json\/wp\/v2\/categories?post=128407"},{"taxonomy":"post_tag","embeddable":true,"href":"https:\/\/linitiative.ca\/International\/wp-json\/wp\/v2\/tags?post=128407"}],"curies":[{"name":"wp","href":"https:\/\/api.w.org\/{rel}","templated":true}]}}