{"id":128409,"date":"2021-09-28T11:20:55","date_gmt":"2021-09-28T15:20:55","guid":{"rendered":"https:\/\/linitiative.ca\/International\/covid-1-192-nouveaux-cas-26-deces\/"},"modified":"2021-09-28T11:20:55","modified_gmt":"2021-09-28T15:20:55","slug":"covid-1-192-nouveaux-cas-26-deces","status":"publish","type":"post","link":"https:\/\/linitiative.ca\/International\/covid-1-192-nouveaux-cas-26-deces\/","title":{"rendered":"Covid: 1.192 nouveaux cas, 26 d\u00e9c\u00e8s"},"content":{"rendered":"<div>\n<div class=\"field field-name-body field-type-text-with-summary field-label-hidden\">\n<div class=\"field-items\">\n<div class=\"field-item even\" property=\"content:encoded\">\n<p class=\"rtejustify\">Un total de <strong>1.192<\/strong>\u00a0nouveaux cas d&rsquo;infection au nouveau coronavirus (Covid-19) et de <strong>1.558<\/strong> gu\u00e9risons a \u00e9t\u00e9 enregistr\u00e9 dans les derni\u00e8res 24 heures, a indiqu\u00e9 le minist\u00e8re de la Sant\u00e9 ce mardi. Ce nouveau bilan des cas positifs porte \u00e0\u00a0<strong>930.891<\/strong> le nombre total des contaminations depuis le premier cas signal\u00e9 au Maroc en mars 2020. Le nombre des personnes r\u00e9tablies est pass\u00e9 \u00e0 <strong>902.778<\/strong>\u00a0soit un taux de gu\u00e9rison de 97%.<\/p>\n<\/div>\n<\/div>\n<\/div>\n<\/div>\n<p>Auteur: hgueye<br \/>\n<a href=\"https:\/\/www.leconomiste.com\/flash-infos\/covid-nouveaux-cas-deces-25\">Cliquez ici pour lire l&rsquo;article depuis sa source.<\/a><\/p>\n","protected":false},"excerpt":{"rendered":"<p>Un total de 1.192\u00a0nouveaux cas d&rsquo;infection au nouveau coronavirus (Covid-19) et de 1.558 gu\u00e9risons a \u00e9t\u00e9 enregistr\u00e9 dans les derni\u00e8res 24 heures, a indiqu\u00e9 le minist\u00e8re de la Sant\u00e9 ce mardi. Ce nouveau bilan des cas positifs porte \u00e0\u00a0930.891 le nombre total des contaminations depuis le premier cas signal\u00e9 au Maroc en mars 2020. Le [&hellip;]<\/p>\n","protected":false},"author":1763,"featured_media":0,"comment_status":"closed","ping_status":"closed","sticky":false,"template":"","format":"standard","meta":{"fifu_image_url":"","fifu_image_alt":"","footnotes":""},"categories":[78,54],"tags":[],"class_list":["post-128409","post","type-post","status-publish","format-standard","hentry","category-economie","category-maroc"],"_links":{"self":[{"href":"https:\/\/linitiative.ca\/International\/wp-json\/wp\/v2\/posts\/128409","targetHints":{"allow":["GET"]}}],"collection":[{"href":"https:\/\/linitiative.ca\/International\/wp-json\/wp\/v2\/posts"}],"about":[{"href":"https:\/\/linitiative.ca\/International\/wp-json\/wp\/v2\/types\/post"}],"author":[{"embeddable":true,"href":"https:\/\/linitiative.ca\/International\/wp-json\/wp\/v2\/users\/1763"}],"replies":[{"embeddable":true,"href":"https:\/\/linitiative.ca\/International\/wp-json\/wp\/v2\/comments?post=128409"}],"version-history":[{"count":0,"href":"https:\/\/linitiative.ca\/International\/wp-json\/wp\/v2\/posts\/128409\/revisions"}],"wp:attachment":[{"href":"https:\/\/linitiative.ca\/International\/wp-json\/wp\/v2\/media?parent=128409"}],"wp:term":[{"taxonomy":"category","embeddable":true,"href":"https:\/\/linitiative.ca\/International\/wp-json\/wp\/v2\/categories?post=128409"},{"taxonomy":"post_tag","embeddable":true,"href":"https:\/\/linitiative.ca\/International\/wp-json\/wp\/v2\/tags?post=128409"}],"curies":[{"name":"wp","href":"https:\/\/api.w.org\/{rel}","templated":true}]}}