{"id":128414,"date":"2021-09-28T03:22:00","date_gmt":"2021-09-28T07:22:00","guid":{"rendered":"https:\/\/linitiative.ca\/International\/running-world-cup-2021-les-amateurs-algeriens-de-course-a-pied-se-qualifient-pour-les-demi-finales\/"},"modified":"2021-09-28T03:22:00","modified_gmt":"2021-09-28T07:22:00","slug":"running-world-cup-2021-les-amateurs-algeriens-de-course-a-pied-se-qualifient-pour-les-demi-finales","status":"publish","type":"post","link":"https:\/\/linitiative.ca\/International\/running-world-cup-2021-les-amateurs-algeriens-de-course-a-pied-se-qualifient-pour-les-demi-finales\/","title":{"rendered":"Running World Cup 2021 : Les amateurs alg\u00e9riens de course \u00e0 pied se qualifient pour les demi-finales"},"content":{"rendered":"<div>Une comp\u00e9tition pas sp\u00e9cialement m\u00e9diatis\u00e9e mais qui a la cote aupr\u00e8s de la communaut\u00e9 de la course \u00e0 pied \u00e0 travers le monde<img loading=\"lazy\" decoding=\"async\" src=\"http:\/\/feeds.feedburner.com\/~r\/GalerieFArtciles\/~4\/hzlUwMxeJ2Q\" height=\"1\" width=\"1\" alt=\"\"><\/div>\n<p>Auteur:<br \/>\n<a href=\"http:\/\/www.lebuteur.com\/article\/detail?titre=running-world-cup-2021-les-amateurs-algeriens-de-course-a-pied-se-qualifient-pour-les-demi-finales&#038;id=101191&#038;utm_source=feedburner&#038;utm_medium=feed&#038;utm_campaign=Feed%3A+GalerieFArtciles+%28Les+derniers+articles++-+lebuteur.com%29\">Cliquez ici pour lire l&rsquo;article depuis sa source.<\/a><\/p>\n","protected":false},"excerpt":{"rendered":"<p>Une comp\u00e9tition pas sp\u00e9cialement m\u00e9diatis\u00e9e mais qui a la cote aupr\u00e8s de la communaut\u00e9 de la course \u00e0 pied \u00e0 travers le monde Auteur: Cliquez ici pour lire l&rsquo;article depuis sa source.<\/p>\n","protected":false},"author":1738,"featured_media":0,"comment_status":"closed","ping_status":"closed","sticky":false,"template":"","format":"standard","meta":{"fifu_image_url":"http:\/\/feeds.feedburner.com\/~r\/GalerieFArtciles\/~4\/hzlUwMxeJ2Q","fifu_image_alt":"Running World Cup 2021 : Les amateurs alg\u00e9riens de course \u00e0 pied se qualifient pour les demi-finales","footnotes":""},"categories":[53,75],"tags":[],"class_list":["post-128414","post","type-post","status-publish","format-standard","hentry","category-algerie","category-sport"],"_links":{"self":[{"href":"https:\/\/linitiative.ca\/International\/wp-json\/wp\/v2\/posts\/128414","targetHints":{"allow":["GET"]}}],"collection":[{"href":"https:\/\/linitiative.ca\/International\/wp-json\/wp\/v2\/posts"}],"about":[{"href":"https:\/\/linitiative.ca\/International\/wp-json\/wp\/v2\/types\/post"}],"author":[{"embeddable":true,"href":"https:\/\/linitiative.ca\/International\/wp-json\/wp\/v2\/users\/1738"}],"replies":[{"embeddable":true,"href":"https:\/\/linitiative.ca\/International\/wp-json\/wp\/v2\/comments?post=128414"}],"version-history":[{"count":0,"href":"https:\/\/linitiative.ca\/International\/wp-json\/wp\/v2\/posts\/128414\/revisions"}],"wp:attachment":[{"href":"https:\/\/linitiative.ca\/International\/wp-json\/wp\/v2\/media?parent=128414"}],"wp:term":[{"taxonomy":"category","embeddable":true,"href":"https:\/\/linitiative.ca\/International\/wp-json\/wp\/v2\/categories?post=128414"},{"taxonomy":"post_tag","embeddable":true,"href":"https:\/\/linitiative.ca\/International\/wp-json\/wp\/v2\/tags?post=128414"}],"curies":[{"name":"wp","href":"https:\/\/api.w.org\/{rel}","templated":true}]}}