{"id":128426,"date":"2021-09-28T04:08:00","date_gmt":"2021-09-28T08:08:00","guid":{"rendered":"https:\/\/linitiative.ca\/International\/france-reduction-drastique-des-visas-accordes-aux-marocains-algeriens-et-tunisiens\/"},"modified":"2021-09-28T04:08:00","modified_gmt":"2021-09-28T08:08:00","slug":"france-reduction-drastique-des-visas-accordes-aux-marocains-algeriens-et-tunisiens","status":"publish","type":"post","link":"https:\/\/linitiative.ca\/International\/france-reduction-drastique-des-visas-accordes-aux-marocains-algeriens-et-tunisiens\/","title":{"rendered":"France : r\u00e9duction drastique des visas accord\u00e9s aux Marocains, Alg\u00e9riens et Tunisiens"},"content":{"rendered":"<div><img decoding=\"async\" src=\"https:\/\/linitiative.ca\/International\/wp-content\/uploads\/sites\/23\/2021\/09\/1632813372_article.jpg\" alt=\" France : r\u00e9duction drastique des visas accord\u00e9s aux Marocains, Alg\u00e9riens et Tunisiens\" align=\"left\">Dans une mesure de \u00ab\u00a0r\u00e9torsion\u00a0\u00bb envers l\u2019Alg\u00e9rie, le Maroc et la Tunisie qui \u00ab\u00a0refusent de reprendre leurs ressortissants en situation irr\u00e9guli\u00e8re\u00a0\u00bb, la France a d\u00e9cid\u00e9 de r\u00e9duire drastiquement le nombre des visas accord\u00e9s. Le nombre sera divisa par deux pour les Alg\u00e9riens et les Marocains et r\u00e9duit de 30% pour les Tunisiens. R\u00e9v\u00e9l\u00e9e par Europe 1, cette d\u00e9cision a \u00e9t\u00e9 confirm\u00e9e mardi matin par le porte-parole du gouvernement fran\u00e7ais Gabriel Attal, au micro de Sonia Mabrouk. L\u2019ann\u00e9e 2020 sera prise comme r\u00e9f\u00e9rence.<br \/>\n\u00ab\u00a0Je vous confirme cette information, cette mesure qui a \u00e9t\u00e9 prise, a d\u00e9clar\u00e9 Attal. En 2018, nous avons adopt\u00e9 la loi Asile et immigration &#8230;<\/p>\n<\/div>\n<p>Auteur:<br \/>\n<a href=\"https:\/\/www.leaders.com.tn\/article\/32459-france-reduction-drastique-des-visas-accordes-aux-marocains-algeriens-et-tunisiens\">Cliquez ici pour lire l&rsquo;article depuis sa source.<\/a><\/p>\n","protected":false},"excerpt":{"rendered":"<p>Dans une mesure de \u00ab\u00a0r\u00e9torsion\u00a0\u00bb envers l\u2019Alg\u00e9rie, le Maroc et la Tunisie qui \u00ab\u00a0refusent de reprendre leurs ressortissants en situation irr\u00e9guli\u00e8re\u00a0\u00bb, la France a d\u00e9cid\u00e9 de r\u00e9duire drastiquement le nombre des visas accord\u00e9s. Le nombre sera divisa par deux pour les Alg\u00e9riens et les Marocains et r\u00e9duit de 30% pour les Tunisiens. R\u00e9v\u00e9l\u00e9e par Europe [&hellip;]<\/p>\n","protected":false},"author":1772,"featured_media":0,"comment_status":"closed","ping_status":"closed","sticky":false,"template":"","format":"standard","meta":{"fifu_image_url":"http:\/\/www.leaders.com.tn\/uploads\/content\/thumbnails_small\/1632813372_article.jpg","fifu_image_alt":"France : r\u00e9duction drastique des visas accord\u00e9s aux Marocains, Alg\u00e9riens et Tunisiens","footnotes":""},"categories":[73,55],"tags":[],"class_list":["post-128426","post","type-post","status-publish","format-standard","hentry","category-actualite","category-tunisie"],"_links":{"self":[{"href":"https:\/\/linitiative.ca\/International\/wp-json\/wp\/v2\/posts\/128426","targetHints":{"allow":["GET"]}}],"collection":[{"href":"https:\/\/linitiative.ca\/International\/wp-json\/wp\/v2\/posts"}],"about":[{"href":"https:\/\/linitiative.ca\/International\/wp-json\/wp\/v2\/types\/post"}],"author":[{"embeddable":true,"href":"https:\/\/linitiative.ca\/International\/wp-json\/wp\/v2\/users\/1772"}],"replies":[{"embeddable":true,"href":"https:\/\/linitiative.ca\/International\/wp-json\/wp\/v2\/comments?post=128426"}],"version-history":[{"count":0,"href":"https:\/\/linitiative.ca\/International\/wp-json\/wp\/v2\/posts\/128426\/revisions"}],"wp:attachment":[{"href":"https:\/\/linitiative.ca\/International\/wp-json\/wp\/v2\/media?parent=128426"}],"wp:term":[{"taxonomy":"category","embeddable":true,"href":"https:\/\/linitiative.ca\/International\/wp-json\/wp\/v2\/categories?post=128426"},{"taxonomy":"post_tag","embeddable":true,"href":"https:\/\/linitiative.ca\/International\/wp-json\/wp\/v2\/tags?post=128426"}],"curies":[{"name":"wp","href":"https:\/\/api.w.org\/{rel}","templated":true}]}}