{"id":128428,"date":"2021-09-28T04:51:00","date_gmt":"2021-09-28T08:51:00","guid":{"rendered":"https:\/\/linitiative.ca\/International\/tunisie-telecom-toujours-engagee-pour-satisfaire-les-aspirations-de-ses-collaborateurs-et-sauvegarder-ses-interets-et-ceux-de-sa-clientele\/"},"modified":"2021-09-28T04:51:00","modified_gmt":"2021-09-28T08:51:00","slug":"tunisie-telecom-toujours-engagee-pour-satisfaire-les-aspirations-de-ses-collaborateurs-et-sauvegarder-ses-interets-et-ceux-de-sa-clientele","status":"publish","type":"post","link":"https:\/\/linitiative.ca\/International\/tunisie-telecom-toujours-engagee-pour-satisfaire-les-aspirations-de-ses-collaborateurs-et-sauvegarder-ses-interets-et-ceux-de-sa-clientele\/","title":{"rendered":"Tunisie Telecom toujours engag\u00e9e pour satisfaire les aspirations de ses collaborateurs et sauvegarder ses int\u00e9r\u00eats et ceux de sa client\u00e8le"},"content":{"rendered":"<div><img decoding=\"async\" src=\"https:\/\/linitiative.ca\/International\/wp-content\/uploads\/sites\/23\/2021\/09\/1632816390_article.jpg\" alt=\"Tunisie Telecom toujours engag\u00e9e pour satisfaire les aspirations de ses collaborateurs et sauvegarder ses int\u00e9r\u00eats et ceux de sa client\u00e8le\" align=\"left\">Tunisie Telecom regrette le maintien de la gr\u00e8ve \u00e0 laquelle a appel\u00e9 la F\u00e9d\u00e9ration G\u00e9n\u00e9rale du Groupe, les 27 et 28 septembre courant ; en d\u00e9pit du d\u00e9but tr\u00e8s encourageant des n\u00e9gociations tenues ces derniers jours pour aboutir \u00e0 un d\u00e9nouement positif \u00e0 la crise actuelle et \u00e0 une reprise normale de ses activit\u00e9s.<br \/>\nTunisie Telecom souligne qu\u2019elle a r\u00e9affirm\u00e9 \u00e0 maintes reprises \u00e0 son partenaire social sa disposition \u00e0 poursuivre rapidement un dialogue ouvert et des n\u00e9gociations constructives et responsables autour de tous les points de litige et loin de toutes les escalades et les confrontations qui nuisent \u00e0 l\u2019int\u00e9r\u00eat de l\u2019entreprise, de ses collaborateurs, de &#8230;<\/p>\n<\/div>\n<p>Auteur:<br \/>\n<a href=\"https:\/\/www.leaders.com.tn\/article\/32460-tunisie-telecom-toujours-engagee-pour-satisfaire-les-aspirations-de-ses-collaborateurs-et-sauvegarder-ses-interets-et-ceux-de-sa-clientele\">Cliquez ici pour lire l&rsquo;article depuis sa source.<\/a><\/p>\n","protected":false},"excerpt":{"rendered":"<p>Tunisie Telecom regrette le maintien de la gr\u00e8ve \u00e0 laquelle a appel\u00e9 la F\u00e9d\u00e9ration G\u00e9n\u00e9rale du Groupe, les 27 et 28 septembre courant ; en d\u00e9pit du d\u00e9but tr\u00e8s encourageant des n\u00e9gociations tenues ces derniers jours pour aboutir \u00e0 un d\u00e9nouement positif \u00e0 la crise actuelle et \u00e0 une reprise normale de ses activit\u00e9s. Tunisie [&hellip;]<\/p>\n","protected":false},"author":1772,"featured_media":0,"comment_status":"closed","ping_status":"closed","sticky":false,"template":"","format":"standard","meta":{"fifu_image_url":"http:\/\/www.leaders.com.tn\/uploads\/content\/thumbnails_small\/1632816390_article.jpg","fifu_image_alt":"Tunisie Telecom toujours engag\u00e9e pour satisfaire les aspirations de ses collaborateurs et sauvegarder ses int\u00e9r\u00eats et ceux de sa client\u00e8le","footnotes":""},"categories":[73,55],"tags":[],"class_list":["post-128428","post","type-post","status-publish","format-standard","hentry","category-actualite","category-tunisie"],"_links":{"self":[{"href":"https:\/\/linitiative.ca\/International\/wp-json\/wp\/v2\/posts\/128428","targetHints":{"allow":["GET"]}}],"collection":[{"href":"https:\/\/linitiative.ca\/International\/wp-json\/wp\/v2\/posts"}],"about":[{"href":"https:\/\/linitiative.ca\/International\/wp-json\/wp\/v2\/types\/post"}],"author":[{"embeddable":true,"href":"https:\/\/linitiative.ca\/International\/wp-json\/wp\/v2\/users\/1772"}],"replies":[{"embeddable":true,"href":"https:\/\/linitiative.ca\/International\/wp-json\/wp\/v2\/comments?post=128428"}],"version-history":[{"count":0,"href":"https:\/\/linitiative.ca\/International\/wp-json\/wp\/v2\/posts\/128428\/revisions"}],"wp:attachment":[{"href":"https:\/\/linitiative.ca\/International\/wp-json\/wp\/v2\/media?parent=128428"}],"wp:term":[{"taxonomy":"category","embeddable":true,"href":"https:\/\/linitiative.ca\/International\/wp-json\/wp\/v2\/categories?post=128428"},{"taxonomy":"post_tag","embeddable":true,"href":"https:\/\/linitiative.ca\/International\/wp-json\/wp\/v2\/tags?post=128428"}],"curies":[{"name":"wp","href":"https:\/\/api.w.org\/{rel}","templated":true}]}}