{"id":128432,"date":"2021-09-28T07:43:00","date_gmt":"2021-09-28T11:43:00","guid":{"rendered":"https:\/\/linitiative.ca\/International\/huawei-connect-2021-les-perspectives-du-groupe-dans-une-afrique-post-covid-19\/"},"modified":"2021-09-28T07:43:00","modified_gmt":"2021-09-28T11:43:00","slug":"huawei-connect-2021-les-perspectives-du-groupe-dans-une-afrique-post-covid-19","status":"publish","type":"post","link":"https:\/\/linitiative.ca\/International\/huawei-connect-2021-les-perspectives-du-groupe-dans-une-afrique-post-covid-19\/","title":{"rendered":"Huawei Connect 2021 : les perspectives du Groupe dans une Afrique post Covid-19"},"content":{"rendered":"<div><img decoding=\"async\" src=\"https:\/\/linitiative.ca\/International\/wp-content\/uploads\/sites\/23\/2021\/09\/1632842321_article.jpg\" alt=\"Huawei Connect 2021 : les perspectives du Groupe dans une Afrique post Covid-19 \" align=\"left\">En marge du Huawei Connect 2021, \u00e9v\u00e9nement phare organis\u00e9 chaque ann\u00e9e par le Groupe, s\u2019est tenue une conf\u00e9rence sur les \u00e9conomies africaines suite \u00e0 la pand\u00e9mie de la Covid-19. Celle-ci \u00e9tait anim\u00e9e par Karl Song, Vice-Pr\u00e9sident Corporate Communications de Huawei, qui y a pr\u00e9sent\u00e9 les perspectives de Groupe dans le monde et en Afrique.<br \/>\nDes infrastructures \u00e0 l\u2019agriculture intelligente en passant par la d\u00e9carbonisation, un vaste ensemble de th\u00e9matiques ont \u00e9t\u00e9 abord\u00e9es au cours de l\u2019\u00e9v\u00e9nement. Karl Song a entre autres indiqu\u00e9 que Huawei continuera \u00e0 travailler main dans la main avec les secteurs publics et priv\u00e9s, dans l\u2019optique de doter l\u2019Afrique des &#8230;<\/p>\n<\/div>\n<p>Auteur:<br \/>\n<a href=\"https:\/\/www.leaders.com.tn\/article\/32463-huawei-connect-2021-les-perspectives-du-groupe-dans-une-afrique-post-covid-19\">Cliquez ici pour lire l&rsquo;article depuis sa source.<\/a><\/p>\n","protected":false},"excerpt":{"rendered":"<p>En marge du Huawei Connect 2021, \u00e9v\u00e9nement phare organis\u00e9 chaque ann\u00e9e par le Groupe, s\u2019est tenue une conf\u00e9rence sur les \u00e9conomies africaines suite \u00e0 la pand\u00e9mie de la Covid-19. Celle-ci \u00e9tait anim\u00e9e par Karl Song, Vice-Pr\u00e9sident Corporate Communications de Huawei, qui y a pr\u00e9sent\u00e9 les perspectives de Groupe dans le monde et en Afrique. Des [&hellip;]<\/p>\n","protected":false},"author":1772,"featured_media":0,"comment_status":"closed","ping_status":"closed","sticky":false,"template":"","format":"standard","meta":{"fifu_image_url":"http:\/\/www.leaders.com.tn\/uploads\/content\/thumbnails_small\/1632842321_article.jpg","fifu_image_alt":"Huawei Connect 2021 : les perspectives du Groupe dans une Afrique post Covid-19","footnotes":""},"categories":[73,55],"tags":[],"class_list":["post-128432","post","type-post","status-publish","format-standard","hentry","category-actualite","category-tunisie"],"_links":{"self":[{"href":"https:\/\/linitiative.ca\/International\/wp-json\/wp\/v2\/posts\/128432","targetHints":{"allow":["GET"]}}],"collection":[{"href":"https:\/\/linitiative.ca\/International\/wp-json\/wp\/v2\/posts"}],"about":[{"href":"https:\/\/linitiative.ca\/International\/wp-json\/wp\/v2\/types\/post"}],"author":[{"embeddable":true,"href":"https:\/\/linitiative.ca\/International\/wp-json\/wp\/v2\/users\/1772"}],"replies":[{"embeddable":true,"href":"https:\/\/linitiative.ca\/International\/wp-json\/wp\/v2\/comments?post=128432"}],"version-history":[{"count":0,"href":"https:\/\/linitiative.ca\/International\/wp-json\/wp\/v2\/posts\/128432\/revisions"}],"wp:attachment":[{"href":"https:\/\/linitiative.ca\/International\/wp-json\/wp\/v2\/media?parent=128432"}],"wp:term":[{"taxonomy":"category","embeddable":true,"href":"https:\/\/linitiative.ca\/International\/wp-json\/wp\/v2\/categories?post=128432"},{"taxonomy":"post_tag","embeddable":true,"href":"https:\/\/linitiative.ca\/International\/wp-json\/wp\/v2\/tags?post=128432"}],"curies":[{"name":"wp","href":"https:\/\/api.w.org\/{rel}","templated":true}]}}