{"id":128434,"date":"2021-09-28T12:40:00","date_gmt":"2021-09-28T16:40:00","guid":{"rendered":"https:\/\/linitiative.ca\/International\/ieg-editions-2021-decomondo-et-key-energy-sur-le-levier-du-pnrr\/"},"modified":"2021-09-28T12:40:00","modified_gmt":"2021-09-28T16:40:00","slug":"ieg-editions-2021-decomondo-et-key-energy-sur-le-levier-du-pnrr","status":"publish","type":"post","link":"https:\/\/linitiative.ca\/International\/ieg-editions-2021-decomondo-et-key-energy-sur-le-levier-du-pnrr\/","title":{"rendered":"IEG: \u00c9ditions 2021 d\u2019Ecomondo et Key Energy sur le levier du PNRR"},"content":{"rendered":"<div><img decoding=\"async\" src=\"https:\/\/linitiative.ca\/International\/wp-content\/uploads\/sites\/23\/2021\/09\/1632844296_article.jpg\" alt=\"IEG: \u00c9ditions 2021 d\u2019Ecomondo et Key Energy sur le levier du PNRR\" align=\"left\">Ecomondo et Key Energy 2021 vers le Plan national de relance et de r\u00e9silience. Les deux manifestations d\u2019Italian Exhibition Group consacr\u00e9es, respectivement, \u00e0 l\u2019\u00e9conomie circulaire et aux \u00e9nergies renouvelables, se d\u00e9rouleront dans le parc d\u2019expositions de Rimini, du 26 au 29 octobre prochains, autour de deux axes principaux : un d\u00e9ploiement complet des fili\u00e8res de la Green Economy, avec des nouveaut\u00e9s technologiques du secteur et, au programme des congr\u00e8s, une attention particuli\u00e8re envers les opportunit\u00e9s que le PNRR et le Pacte vert europ\u00e9en ouvrent pour les entreprises et les administrations publiques en Italie.<br \/>\nPour les dix ans des \u00e9tats g\u00e9n\u00e9raux de la Green &#8230;<\/p>\n<\/div>\n<p>Auteur:<br \/>\n<a href=\"https:\/\/www.leaders.com.tn\/article\/32465-ieg-editions-2021-d-ecomondo-et-key-energy-sur-le-levier-du-pnrr\">Cliquez ici pour lire l&rsquo;article depuis sa source.<\/a><\/p>\n","protected":false},"excerpt":{"rendered":"<p>Ecomondo et Key Energy 2021 vers le Plan national de relance et de r\u00e9silience. Les deux manifestations d\u2019Italian Exhibition Group consacr\u00e9es, respectivement, \u00e0 l\u2019\u00e9conomie circulaire et aux \u00e9nergies renouvelables, se d\u00e9rouleront dans le parc d\u2019expositions de Rimini, du 26 au 29 octobre prochains, autour de deux axes principaux : un d\u00e9ploiement complet des fili\u00e8res de [&hellip;]<\/p>\n","protected":false},"author":1772,"featured_media":0,"comment_status":"closed","ping_status":"closed","sticky":false,"template":"","format":"standard","meta":{"fifu_image_url":"http:\/\/www.leaders.com.tn\/uploads\/content\/thumbnails_small\/1632844296_article.jpg","fifu_image_alt":"IEG: \u00c9ditions 2021 d\u2019Ecomondo et Key Energy sur le levier du PNRR","footnotes":""},"categories":[73,55],"tags":[],"class_list":["post-128434","post","type-post","status-publish","format-standard","hentry","category-actualite","category-tunisie"],"_links":{"self":[{"href":"https:\/\/linitiative.ca\/International\/wp-json\/wp\/v2\/posts\/128434","targetHints":{"allow":["GET"]}}],"collection":[{"href":"https:\/\/linitiative.ca\/International\/wp-json\/wp\/v2\/posts"}],"about":[{"href":"https:\/\/linitiative.ca\/International\/wp-json\/wp\/v2\/types\/post"}],"author":[{"embeddable":true,"href":"https:\/\/linitiative.ca\/International\/wp-json\/wp\/v2\/users\/1772"}],"replies":[{"embeddable":true,"href":"https:\/\/linitiative.ca\/International\/wp-json\/wp\/v2\/comments?post=128434"}],"version-history":[{"count":0,"href":"https:\/\/linitiative.ca\/International\/wp-json\/wp\/v2\/posts\/128434\/revisions"}],"wp:attachment":[{"href":"https:\/\/linitiative.ca\/International\/wp-json\/wp\/v2\/media?parent=128434"}],"wp:term":[{"taxonomy":"category","embeddable":true,"href":"https:\/\/linitiative.ca\/International\/wp-json\/wp\/v2\/categories?post=128434"},{"taxonomy":"post_tag","embeddable":true,"href":"https:\/\/linitiative.ca\/International\/wp-json\/wp\/v2\/tags?post=128434"}],"curies":[{"name":"wp","href":"https:\/\/api.w.org\/{rel}","templated":true}]}}