{"id":128438,"date":"2021-09-28T10:32:53","date_gmt":"2021-09-28T14:32:53","guid":{"rendered":"https:\/\/linitiative.ca\/International\/le-maroc-regrette-la-decision-injustifiee-de-la-france-de-reduire-le-nombre-de-visas-nasser-bourita\/"},"modified":"2021-09-28T10:32:53","modified_gmt":"2021-09-28T14:32:53","slug":"le-maroc-regrette-la-decision-injustifiee-de-la-france-de-reduire-le-nombre-de-visas-nasser-bourita","status":"publish","type":"post","link":"https:\/\/linitiative.ca\/International\/le-maroc-regrette-la-decision-injustifiee-de-la-france-de-reduire-le-nombre-de-visas-nasser-bourita\/","title":{"rendered":"Le Maroc regrette la \u201cd\u00e9cision injustifi\u00e9e\u201d de la France de r\u00e9duire le nombre de visas (Nasser Bourita)"},"content":{"rendered":"<div><img decoding=\"async\" width=\"660\" height=\"330\" src=\"https:\/\/linitiative.ca\/International\/wp-content\/uploads\/sites\/23\/2021\/09\/bouriri-1.jpg\" class=\"attachment-post-thumbnail size-post-thumbnail wp-post-image\" alt=\"\" loading=\"lazy\" srcset=\"https:\/\/linitiative.ca\/International\/wp-content\/uploads\/sites\/23\/2021\/09\/bouriri-1.jpg 660w, https:\/\/www.challenge.ma\/wp-content\/uploads\/2021\/09\/bouriri-300x150.jpg 300w, https:\/\/www.challenge.ma\/wp-content\/uploads\/2021\/09\/bouriri-360x180.jpg 360w\" sizes=\"auto, (max-width: 660px) 100vw, 660px\" itemprop=\"image\">Le Maroc a regrett\u00e9 ce 28 septembre la d\u00e9cision de la France de durcir les conditions d\u2019obtention des visas \u00e0 l\u2019\u00e9gard du royaume, la qualifiant d\u2019\u201cinjustifi\u00e9e\u201d. Lors d\u2019une conf\u00e9rence de presse avec son homologue mauritanien, Ismael Ould Cheikh Ahmed, Nasser bourita a d\u00e9clar\u00e9 que le Maroc a pris acte de<\/div>\n<p>Auteur: challenge<br \/>\n<a href=\"https:\/\/www.challenge.ma\/le-maroc-regrette-la-decision-injustifiee-de-la-france-de-reduire-le-nombre-de-visas-nasser-bourita-221940\/\">Cliquez ici pour lire l&rsquo;article depuis sa source.<\/a><\/p>\n","protected":false},"excerpt":{"rendered":"<p>Le Maroc a regrett\u00e9 ce 28 septembre la d\u00e9cision de la France de durcir les conditions d\u2019obtention des visas \u00e0 l\u2019\u00e9gard du royaume, la qualifiant d\u2019\u201cinjustifi\u00e9e\u201d. Lors d\u2019une conf\u00e9rence de presse avec son homologue mauritanien, Ismael Ould Cheikh Ahmed, Nasser bourita a d\u00e9clar\u00e9 que le Maroc a pris acte de Auteur: challenge Cliquez ici pour [&hellip;]<\/p>\n","protected":false},"author":1787,"featured_media":0,"comment_status":"closed","ping_status":"closed","sticky":false,"template":"","format":"standard","meta":{"fifu_image_url":"https:\/\/www.challenge.ma\/wp-content\/uploads\/2021\/09\/bouriri.jpg","fifu_image_alt":"Le Maroc regrette la \u201cd\u00e9cision injustifi\u00e9e\u201d de la France de r\u00e9duire le nombre de visas (Nasser Bourita)","footnotes":""},"categories":[78,54],"tags":[],"class_list":["post-128438","post","type-post","status-publish","format-standard","hentry","category-economie","category-maroc"],"_links":{"self":[{"href":"https:\/\/linitiative.ca\/International\/wp-json\/wp\/v2\/posts\/128438","targetHints":{"allow":["GET"]}}],"collection":[{"href":"https:\/\/linitiative.ca\/International\/wp-json\/wp\/v2\/posts"}],"about":[{"href":"https:\/\/linitiative.ca\/International\/wp-json\/wp\/v2\/types\/post"}],"author":[{"embeddable":true,"href":"https:\/\/linitiative.ca\/International\/wp-json\/wp\/v2\/users\/1787"}],"replies":[{"embeddable":true,"href":"https:\/\/linitiative.ca\/International\/wp-json\/wp\/v2\/comments?post=128438"}],"version-history":[{"count":0,"href":"https:\/\/linitiative.ca\/International\/wp-json\/wp\/v2\/posts\/128438\/revisions"}],"wp:attachment":[{"href":"https:\/\/linitiative.ca\/International\/wp-json\/wp\/v2\/media?parent=128438"}],"wp:term":[{"taxonomy":"category","embeddable":true,"href":"https:\/\/linitiative.ca\/International\/wp-json\/wp\/v2\/categories?post=128438"},{"taxonomy":"post_tag","embeddable":true,"href":"https:\/\/linitiative.ca\/International\/wp-json\/wp\/v2\/tags?post=128438"}],"curies":[{"name":"wp","href":"https:\/\/api.w.org\/{rel}","templated":true}]}}