{"id":128440,"date":"2021-09-28T11:13:40","date_gmt":"2021-09-28T15:13:40","guid":{"rendered":"https:\/\/linitiative.ca\/International\/tabac-de-nouvelles-mesures-en-vigueur-a-partir-de-2024\/"},"modified":"2021-09-28T11:13:40","modified_gmt":"2021-09-28T15:13:40","slug":"tabac-de-nouvelles-mesures-en-vigueur-a-partir-de-2024","status":"publish","type":"post","link":"https:\/\/linitiative.ca\/International\/tabac-de-nouvelles-mesures-en-vigueur-a-partir-de-2024\/","title":{"rendered":"Tabac. De nouvelles mesures en vigueur \u00e0 partir de 2024"},"content":{"rendered":"<div><img decoding=\"async\" width=\"600\" height=\"360\" src=\"https:\/\/linitiative.ca\/International\/wp-content\/uploads\/sites\/23\/2021\/09\/Societe-marocaine-des-tabacs.jpg\" class=\"attachment-post-thumbnail size-post-thumbnail wp-post-image\" alt=\"\" loading=\"lazy\" srcset=\"https:\/\/linitiative.ca\/International\/wp-content\/uploads\/sites\/23\/2021\/09\/Societe-marocaine-des-tabacs.jpg 600w, https:\/\/www.challenge.ma\/wp-content\/uploads\/2014\/12\/Societe-marocaine-des-tabacs-300x180.jpg 300w, https:\/\/www.challenge.ma\/wp-content\/uploads\/2014\/12\/Societe-marocaine-des-tabacs-91x55.jpg 91w, https:\/\/www.challenge.ma\/wp-content\/uploads\/2014\/12\/Societe-marocaine-des-tabacs-310x186.jpg 310w, https:\/\/www.challenge.ma\/wp-content\/uploads\/2014\/12\/Societe-marocaine-des-tabacs-112x67.jpg 112w\" sizes=\"auto, (max-width: 600px) 100vw, 600px\" itemprop=\"image\">Une circulaire publi\u00e9e par l\u2019Administration des Douanes et Imp\u00f4ts Indirects (ADII) stipule que de nouvelles dispositions contenues dans la loi n\u00b0 66-20 portant modification de la loi n\u00b0 46-02 relative au r\u00e9gime des tabacs bruts et des tabacs manufactur\u00e9s, prendront effet \u00e0 compter du 1er janvier 2024. L\u2019ADII indique que<\/div>\n<p>Auteur: challenge<br \/>\n<a href=\"https:\/\/www.challenge.ma\/tabac-de-nouvelles-mesures-en-vigueur-a-partir-de-2024-221948\/\">Cliquez ici pour lire l&rsquo;article depuis sa source.<\/a><\/p>\n","protected":false},"excerpt":{"rendered":"<p>Une circulaire publi\u00e9e par l\u2019Administration des Douanes et Imp\u00f4ts Indirects (ADII) stipule que de nouvelles dispositions contenues dans la loi n\u00b0 66-20 portant modification de la loi n\u00b0 46-02 relative au r\u00e9gime des tabacs bruts et des tabacs manufactur\u00e9s, prendront effet \u00e0 compter du 1er janvier 2024. L\u2019ADII indique que Auteur: challenge Cliquez ici pour [&hellip;]<\/p>\n","protected":false},"author":1787,"featured_media":0,"comment_status":"closed","ping_status":"closed","sticky":false,"template":"","format":"standard","meta":{"fifu_image_url":"https:\/\/www.challenge.ma\/wp-content\/uploads\/2014\/12\/Societe-marocaine-des-tabacs.jpg","fifu_image_alt":"Tabac. De nouvelles mesures en vigueur \u00e0 partir de 2024","footnotes":""},"categories":[78,54],"tags":[],"class_list":["post-128440","post","type-post","status-publish","format-standard","hentry","category-economie","category-maroc"],"_links":{"self":[{"href":"https:\/\/linitiative.ca\/International\/wp-json\/wp\/v2\/posts\/128440","targetHints":{"allow":["GET"]}}],"collection":[{"href":"https:\/\/linitiative.ca\/International\/wp-json\/wp\/v2\/posts"}],"about":[{"href":"https:\/\/linitiative.ca\/International\/wp-json\/wp\/v2\/types\/post"}],"author":[{"embeddable":true,"href":"https:\/\/linitiative.ca\/International\/wp-json\/wp\/v2\/users\/1787"}],"replies":[{"embeddable":true,"href":"https:\/\/linitiative.ca\/International\/wp-json\/wp\/v2\/comments?post=128440"}],"version-history":[{"count":0,"href":"https:\/\/linitiative.ca\/International\/wp-json\/wp\/v2\/posts\/128440\/revisions"}],"wp:attachment":[{"href":"https:\/\/linitiative.ca\/International\/wp-json\/wp\/v2\/media?parent=128440"}],"wp:term":[{"taxonomy":"category","embeddable":true,"href":"https:\/\/linitiative.ca\/International\/wp-json\/wp\/v2\/categories?post=128440"},{"taxonomy":"post_tag","embeddable":true,"href":"https:\/\/linitiative.ca\/International\/wp-json\/wp\/v2\/tags?post=128440"}],"curies":[{"name":"wp","href":"https:\/\/api.w.org\/{rel}","templated":true}]}}