{"id":128444,"date":"2021-09-28T12:01:26","date_gmt":"2021-09-28T16:01:26","guid":{"rendered":"https:\/\/linitiative.ca\/International\/constitution-du-gouvernement-quelles-sont-les-prochaines-etapes\/"},"modified":"2021-09-28T12:01:26","modified_gmt":"2021-09-28T16:01:26","slug":"constitution-du-gouvernement-quelles-sont-les-prochaines-etapes","status":"publish","type":"post","link":"https:\/\/linitiative.ca\/International\/constitution-du-gouvernement-quelles-sont-les-prochaines-etapes\/","title":{"rendered":"Constitution du gouvernement: quelles sont les prochaines \u00e9tapes?"},"content":{"rendered":"<div><img decoding=\"async\" width=\"680\" height=\"509\" src=\"https:\/\/linitiative.ca\/International\/wp-content\/uploads\/sites\/23\/2021\/09\/power.jpg\" class=\"attachment-post-thumbnail size-post-thumbnail wp-post-image\" alt=\"\" loading=\"lazy\" srcset=\"https:\/\/linitiative.ca\/International\/wp-content\/uploads\/sites\/23\/2021\/09\/power.jpg 680w, https:\/\/www.challenge.ma\/wp-content\/uploads\/2021\/09\/power-300x225.jpg 300w, https:\/\/www.challenge.ma\/wp-content\/uploads\/2021\/09\/power-360x269.jpg 360w\" sizes=\"auto, (max-width: 680px) 100vw, 680px\" itemprop=\"image\">En levant le voile sur sa majorit\u00e9 gouvernementale, Aziz Akhannouch a mis fin la semaine derni\u00e8re \u00e0 la s\u00e9quence des tractations pour la formation de la coalition et a annonc\u00e9 le d\u00e9but de celles de l\u2019\u00e9laboration du programme gouvernemental et la formation du gouvernement. Une semaine apr\u00e8s l\u2019annonce de la<\/div>\n<p>Auteur: challenge<br \/>\n<a href=\"https:\/\/www.challenge.ma\/constitution-du-gouvernement-quelles-sont-les-prochaines-etapes-221957\/\">Cliquez ici pour lire l&rsquo;article depuis sa source.<\/a><\/p>\n","protected":false},"excerpt":{"rendered":"<p>En levant le voile sur sa majorit\u00e9 gouvernementale, Aziz Akhannouch a mis fin la semaine derni\u00e8re \u00e0 la s\u00e9quence des tractations pour la formation de la coalition et a annonc\u00e9 le d\u00e9but de celles de l\u2019\u00e9laboration du programme gouvernemental et la formation du gouvernement. Une semaine apr\u00e8s l\u2019annonce de la Auteur: challenge Cliquez ici pour [&hellip;]<\/p>\n","protected":false},"author":1787,"featured_media":0,"comment_status":"closed","ping_status":"closed","sticky":false,"template":"","format":"standard","meta":{"fifu_image_url":"https:\/\/www.challenge.ma\/wp-content\/uploads\/2021\/09\/power.jpg","fifu_image_alt":"Constitution du gouvernement: quelles sont les prochaines \u00e9tapes?","footnotes":""},"categories":[78,54],"tags":[],"class_list":["post-128444","post","type-post","status-publish","format-standard","hentry","category-economie","category-maroc"],"_links":{"self":[{"href":"https:\/\/linitiative.ca\/International\/wp-json\/wp\/v2\/posts\/128444","targetHints":{"allow":["GET"]}}],"collection":[{"href":"https:\/\/linitiative.ca\/International\/wp-json\/wp\/v2\/posts"}],"about":[{"href":"https:\/\/linitiative.ca\/International\/wp-json\/wp\/v2\/types\/post"}],"author":[{"embeddable":true,"href":"https:\/\/linitiative.ca\/International\/wp-json\/wp\/v2\/users\/1787"}],"replies":[{"embeddable":true,"href":"https:\/\/linitiative.ca\/International\/wp-json\/wp\/v2\/comments?post=128444"}],"version-history":[{"count":0,"href":"https:\/\/linitiative.ca\/International\/wp-json\/wp\/v2\/posts\/128444\/revisions"}],"wp:attachment":[{"href":"https:\/\/linitiative.ca\/International\/wp-json\/wp\/v2\/media?parent=128444"}],"wp:term":[{"taxonomy":"category","embeddable":true,"href":"https:\/\/linitiative.ca\/International\/wp-json\/wp\/v2\/categories?post=128444"},{"taxonomy":"post_tag","embeddable":true,"href":"https:\/\/linitiative.ca\/International\/wp-json\/wp\/v2\/tags?post=128444"}],"curies":[{"name":"wp","href":"https:\/\/api.w.org\/{rel}","templated":true}]}}