{"id":128446,"date":"2021-09-28T16:18:08","date_gmt":"2021-09-28T20:18:08","guid":{"rendered":"https:\/\/linitiative.ca\/International\/la-berd-et-liresen-joignent-leurs-forces-pour-promouvoir-les-investissements-verts-au-maroc\/"},"modified":"2021-09-28T16:18:08","modified_gmt":"2021-09-28T20:18:08","slug":"la-berd-et-liresen-joignent-leurs-forces-pour-promouvoir-les-investissements-verts-au-maroc","status":"publish","type":"post","link":"https:\/\/linitiative.ca\/International\/la-berd-et-liresen-joignent-leurs-forces-pour-promouvoir-les-investissements-verts-au-maroc\/","title":{"rendered":"La BERD et l\u2019IRESEN joignent leurs forces pour promouvoir les investissements verts au Maroc"},"content":{"rendered":"<div><img decoding=\"async\" width=\"1178\" height=\"971\" src=\"https:\/\/linitiative.ca\/International\/wp-content\/uploads\/sites\/23\/2021\/09\/Badr-Ikken-DG-de-lIRESEN-et-Antoine-Salle-de-Chou-DG-de-la-BERD-au-Maroc.jpg\" class=\"attachment-post-thumbnail size-post-thumbnail wp-post-image\" alt=\"\" loading=\"lazy\" srcset=\"https:\/\/linitiative.ca\/International\/wp-content\/uploads\/sites\/23\/2021\/09\/Badr-Ikken-DG-de-lIRESEN-et-Antoine-Salle-de-Chou-DG-de-la-BERD-au-Maroc.jpg 1178w, https:\/\/www.challenge.ma\/wp-content\/uploads\/2021\/09\/Badr-Ikken-DG-de-lIRESEN-et-Antoine-Salle-de-Chou-DG-de-la-BERD-au-Maroc-300x247.jpg 300w, https:\/\/www.challenge.ma\/wp-content\/uploads\/2021\/09\/Badr-Ikken-DG-de-lIRESEN-et-Antoine-Salle-de-Chou-DG-de-la-BERD-au-Maroc-1024x844.jpg 1024w, https:\/\/www.challenge.ma\/wp-content\/uploads\/2021\/09\/Badr-Ikken-DG-de-lIRESEN-et-Antoine-Salle-de-Chou-DG-de-la-BERD-au-Maroc-768x633.jpg 768w, https:\/\/www.challenge.ma\/wp-content\/uploads\/2021\/09\/Badr-Ikken-DG-de-lIRESEN-et-Antoine-Salle-de-Chou-DG-de-la-BERD-au-Maroc-360x297.jpg 360w, https:\/\/www.challenge.ma\/wp-content\/uploads\/2021\/09\/Badr-Ikken-DG-de-lIRESEN-et-Antoine-Salle-de-Chou-DG-de-la-BERD-au-Maroc-750x618.jpg 750w\" sizes=\"auto, (max-width: 1178px) 100vw, 1178px\" itemprop=\"image\">La Banque europ\u00e9enne pour la reconstruction et le d\u00e9veloppement (BERD) et l\u2019Institut de recherche en \u00e9nergie solaire et \u00e9nergies nouvelles (IRESEN) ont sign\u00e9, mardi \u00e0 Rabat, un protocole d\u2019accord destin\u00e9 \u00e0 renforcer leur coop\u00e9ration pour la promotion des investissements visant \u00e0 acc\u00e9l\u00e9rer la transition \u00e9nerg\u00e9tique verte du Maroc. Le champ<\/div>\n<p>Auteur: challenge<br \/>\n<a href=\"https:\/\/www.challenge.ma\/la-berd-et-liresen-joignent-leurs-forces-pour-promouvoir-les-investissements-verts-au-maroc-221965\/\">Cliquez ici pour lire l&rsquo;article depuis sa source.<\/a><\/p>\n","protected":false},"excerpt":{"rendered":"<p>La Banque europ\u00e9enne pour la reconstruction et le d\u00e9veloppement (BERD) et l\u2019Institut de recherche en \u00e9nergie solaire et \u00e9nergies nouvelles (IRESEN) ont sign\u00e9, mardi \u00e0 Rabat, un protocole d\u2019accord destin\u00e9 \u00e0 renforcer leur coop\u00e9ration pour la promotion des investissements visant \u00e0 acc\u00e9l\u00e9rer la transition \u00e9nerg\u00e9tique verte du Maroc. Le champ Auteur: challenge Cliquez ici pour [&hellip;]<\/p>\n","protected":false},"author":1787,"featured_media":0,"comment_status":"closed","ping_status":"closed","sticky":false,"template":"","format":"standard","meta":{"fifu_image_url":"https:\/\/www.challenge.ma\/wp-content\/uploads\/2021\/09\/Badr-Ikken-DG-de-lIRESEN-et-Antoine-Salle-de-Chou-DG-de-la-BERD-au-Maroc.jpg","fifu_image_alt":"La BERD et l\u2019IRESEN joignent leurs forces pour promouvoir les investissements verts au Maroc","footnotes":""},"categories":[78,54],"tags":[],"class_list":["post-128446","post","type-post","status-publish","format-standard","hentry","category-economie","category-maroc"],"_links":{"self":[{"href":"https:\/\/linitiative.ca\/International\/wp-json\/wp\/v2\/posts\/128446","targetHints":{"allow":["GET"]}}],"collection":[{"href":"https:\/\/linitiative.ca\/International\/wp-json\/wp\/v2\/posts"}],"about":[{"href":"https:\/\/linitiative.ca\/International\/wp-json\/wp\/v2\/types\/post"}],"author":[{"embeddable":true,"href":"https:\/\/linitiative.ca\/International\/wp-json\/wp\/v2\/users\/1787"}],"replies":[{"embeddable":true,"href":"https:\/\/linitiative.ca\/International\/wp-json\/wp\/v2\/comments?post=128446"}],"version-history":[{"count":0,"href":"https:\/\/linitiative.ca\/International\/wp-json\/wp\/v2\/posts\/128446\/revisions"}],"wp:attachment":[{"href":"https:\/\/linitiative.ca\/International\/wp-json\/wp\/v2\/media?parent=128446"}],"wp:term":[{"taxonomy":"category","embeddable":true,"href":"https:\/\/linitiative.ca\/International\/wp-json\/wp\/v2\/categories?post=128446"},{"taxonomy":"post_tag","embeddable":true,"href":"https:\/\/linitiative.ca\/International\/wp-json\/wp\/v2\/tags?post=128446"}],"curies":[{"name":"wp","href":"https:\/\/api.w.org\/{rel}","templated":true}]}}