{"id":128450,"date":"2021-09-28T16:31:03","date_gmt":"2021-09-28T20:31:03","guid":{"rendered":"https:\/\/linitiative.ca\/International\/tunisie-mobile-de-lattaque-de-ksar-helal-toutes-les-eventualites-restent-envisagees\/"},"modified":"2021-09-28T16:31:03","modified_gmt":"2021-09-28T20:31:03","slug":"tunisie-mobile-de-lattaque-de-ksar-helal-toutes-les-eventualites-restent-envisagees","status":"publish","type":"post","link":"https:\/\/linitiative.ca\/International\/tunisie-mobile-de-lattaque-de-ksar-helal-toutes-les-eventualites-restent-envisagees\/","title":{"rendered":"Tunisie \u2013 Mobile de l\u2019attaque de Ksar Helal\u00a0: Toutes les \u00e9ventualit\u00e9s restent envisag\u00e9es"},"content":{"rendered":"<div>\n<p>Le porte parole des tribunaux de Monastir et Mahdia, Ferid Ben Jha, a assur\u00e9 que l\u2019enqu\u00eate concernant l\u2019attaque \u00e0 la voiture qui a occasionn\u00e9 un mort et quatre bless\u00e9s \u00e0 Ksar Helal, est toujours en cours. Quant aux mobiles de cette action, Ben Jha a assur\u00e9 que l\u2019affaire est class\u00e9e, pour le moment, comme \u00e9tant [\u2026]<\/p>\n<p>L\u2019article <a href=\"https:\/\/www.tunisienumerique.com\/tunisie-mobile-de-lattaque-de-ksar-helal-toutes-les-eventualites-restent-envisagees\/\">Tunisie \u2013 Mobile de l\u2019attaque de Ksar Helal\u00a0: Toutes les \u00e9ventualit\u00e9s restent envisag\u00e9es<\/a> est apparu en premier sur <a href=\"https:\/\/www.tunisienumerique.com\/\">Tunisie<\/a>.<\/p>\n<\/div>\n<p>Auteur: LM<br \/>\n<a href=\"https:\/\/www.tunisienumerique.com\/tunisie-mobile-de-lattaque-de-ksar-helal-toutes-les-eventualites-restent-envisagees\/\">Cliquez ici pour lire l&rsquo;article depuis sa source.<\/a><\/p>\n","protected":false},"excerpt":{"rendered":"<p>Le porte parole des tribunaux de Monastir et Mahdia, Ferid Ben Jha, a assur\u00e9 que l\u2019enqu\u00eate concernant l\u2019attaque \u00e0 la voiture qui a occasionn\u00e9 un mort et quatre bless\u00e9s \u00e0 Ksar Helal, est toujours en cours. Quant aux mobiles de cette action, Ben Jha a assur\u00e9 que l\u2019affaire est class\u00e9e, pour le moment, comme \u00e9tant [&hellip;]<\/p>\n","protected":false},"author":1789,"featured_media":0,"comment_status":"closed","ping_status":"closed","sticky":false,"template":"","format":"standard","meta":{"fifu_image_url":"","fifu_image_alt":"","footnotes":""},"categories":[73,55],"tags":[],"class_list":["post-128450","post","type-post","status-publish","format-standard","hentry","category-actualite","category-tunisie"],"_links":{"self":[{"href":"https:\/\/linitiative.ca\/International\/wp-json\/wp\/v2\/posts\/128450","targetHints":{"allow":["GET"]}}],"collection":[{"href":"https:\/\/linitiative.ca\/International\/wp-json\/wp\/v2\/posts"}],"about":[{"href":"https:\/\/linitiative.ca\/International\/wp-json\/wp\/v2\/types\/post"}],"author":[{"embeddable":true,"href":"https:\/\/linitiative.ca\/International\/wp-json\/wp\/v2\/users\/1789"}],"replies":[{"embeddable":true,"href":"https:\/\/linitiative.ca\/International\/wp-json\/wp\/v2\/comments?post=128450"}],"version-history":[{"count":0,"href":"https:\/\/linitiative.ca\/International\/wp-json\/wp\/v2\/posts\/128450\/revisions"}],"wp:attachment":[{"href":"https:\/\/linitiative.ca\/International\/wp-json\/wp\/v2\/media?parent=128450"}],"wp:term":[{"taxonomy":"category","embeddable":true,"href":"https:\/\/linitiative.ca\/International\/wp-json\/wp\/v2\/categories?post=128450"},{"taxonomy":"post_tag","embeddable":true,"href":"https:\/\/linitiative.ca\/International\/wp-json\/wp\/v2\/tags?post=128450"}],"curies":[{"name":"wp","href":"https:\/\/api.w.org\/{rel}","templated":true}]}}