{"id":128455,"date":"2021-09-28T17:07:29","date_gmt":"2021-09-28T21:07:29","guid":{"rendered":"https:\/\/linitiative.ca\/International\/enregistrement-des-deplaces-internes-un-projet-pour-relever-le-defi\/"},"modified":"2021-09-28T17:07:29","modified_gmt":"2021-09-28T21:07:29","slug":"enregistrement-des-deplaces-internes-un-projet-pour-relever-le-defi","status":"publish","type":"post","link":"https:\/\/linitiative.ca\/International\/enregistrement-des-deplaces-internes-un-projet-pour-relever-le-defi\/","title":{"rendered":"Enregistrement des d\u00e9plac\u00e9s internes : un projet pour relever le d\u00e9fi"},"content":{"rendered":"<div>\n<p><strong>La ministre de la Femme, de la Solidarit\u00e9 nationale, de la Famille et de l\u2019Action humanitaire, Marie Laurence Ilboudo Marshall a lanc\u00e9, le mardi 28 septembre 2021 \u00e0 Kaya, le projet \u00ab Appui \u00e0 la protection et au profilage des personnes d\u00e9plac\u00e9es internes et des populations-h\u00f4tes vuln\u00e9rables \u00bb. <\/strong><\/p>\n<figure id=\"attachment_40140\" aria-describedby=\"caption-attachment-40140\" style=\"width: 225px\" class=\"wp-caption alignleft\"><img decoding=\"async\" loading=\"lazy\" class=\"wp-image-40140 size-medium\" src=\"https:\/\/linitiative.ca\/International\/wp-content\/uploads\/sites\/23\/2021\/09\/2-32-225x300-1.jpg\" alt=\"\" width=\"225\" height=\"300\" srcset=\"https:\/\/linitiative.ca\/International\/wp-content\/uploads\/sites\/23\/2021\/09\/2-32-225x300-1.jpg 225w, https:\/\/www.sidwaya.info\/wp-content\/uploads\/2021\/09\/2-32-150x200.jpg 150w, https:\/\/www.sidwaya.info\/wp-content\/uploads\/2021\/09\/2-32-300x400.jpg 300w, https:\/\/www.sidwaya.info\/wp-content\/uploads\/2021\/09\/2-32-315x420.jpg 315w, https:\/\/www.sidwaya.info\/wp-content\/uploads\/2021\/09\/2-32.jpg 446w\" sizes=\"auto, (max-width: 225px) 100vw, 225px\"><figcaption id=\"caption-attachment-40140\" class=\"wp-caption-text\">L\u2019ambassadeur fran\u00e7ais au Burkina Faso, Luc Hallade\u00a0: \u00ab Ce projet vise \u00e0 prendre en compte les cons\u00e9quences du terrorisme \u00bb.<\/figcaption><\/figure>\n<p>A la date du mardi 28 septembre 2021, le nombre des Personnes d\u00e9plac\u00e9es internes (PDI) se chiffre \u00e0 plus de 1,4 million individus, selon le Minist\u00e8re de la Femme, de la Solidarit\u00e9 nationale, de la Famille et de l\u2019Action humanitaire (MFSNFAH). La m\u00eame source pr\u00e9cise que plus de 90% de ces PDI ne disposent toujours pas de documents d\u2019identit\u00e9 ou de pi\u00e8ces d\u2019\u00e9tat civil, malgr\u00e9 les op\u00e9rations d\u2019enregistrement entreprises, depuis 2019. Pour pallier cette situation, le MFSNFAH a mis en \u0153uvre le projet\u00a0: \u00ab Appui \u00e0 la protection et au profilage des PDI et populations-h\u00f4tes vuln\u00e9rables \u00bb.<\/p>\n<p>Son lancement officiel a eu lieu, le mardi 28 septembre 2021, \u00e0 Kaya. Financ\u00e9 par le Centre de crise et de soutien (CDCS) de France, via l\u2019ambassade de France au Burkina Faso, d\u2019un montant de 348.502.564 F CFA, ledit projet, d\u2019une dur\u00e9e d\u2019un an et plus, couvre 69 communes des r\u00e9gions du Centre-Nord, de l\u2019Est et du Sahel, selon la ministre en charge de l\u2019action humanitaire, Marie Laurence Ilboudo Marshall. \u00ab Sa mise en \u0153uvre nous permettra d\u2019apporter une r\u00e9ponse significative aux d\u00e9fis li\u00e9s \u00e0 l\u2019enregistrement et \u00e0 la documentation des PDI. Car, cela nous permettra, en outre, d\u2019am\u00e9liorer la qualit\u00e9 des donn\u00e9es sur les PDI, de d\u00e9livrer des Cartes nationales d\u2019identit\u00e9 burkinab\u00e8 (CNIB) aux PDI et leurs h\u00f4tes, facilitant ainsi leur acc\u00e8s \u00e0 l\u2019aide humanitaire \u00bb, a-t-elle esp\u00e9r\u00e9. De fa\u00e7on pratique, plusieurs actions seront mises en \u0153uvre dans le cadre du projet. A entendre la ministre Marshall, il s\u2019agit de la planification et de la conduite du profilage des PDI, de la mise en place d\u2019un syst\u00e8me \u00ab efficace \u00bb de partage de donn\u00e9es avec les partenaires au niveau central et d\u00e9concentr\u00e9, \u00e0 l\u2019appui \u00e0 la d\u00e9livrance de 50\u00a0000 CNIB aux PDI et communaut\u00e9s- h\u00f4tes vuln\u00e9rables et \u00e0 l\u2019appui \u00e0 la fonctionnalit\u00e9 et \u00e0 l\u2019accessibilit\u00e9 du num\u00e9ro d\u2019urgence du CONASUR (138) pour la redevabilit\u00e9 et la gestion des plaintes.<\/p>\n<h1><strong>G\u00e9rer les cons\u00e9quences du terrorisme<\/strong><\/h1>\n<p>De ce fait, Marie Laurence Ilboudo Marshall a mis l\u2019occasion \u00e0 profit pour rappeler aux partenaires humanitaires que l\u2019enregistrement des PDI est et demeure la responsabilit\u00e9 premi\u00e8re du gouvernement, \u00e0 travers son d\u00e9partement qui en assure le leadership. A leur tour, les b\u00e9n\u00e9ficiaires dudit projet, par la voix de leur porte-parole, Mariam Kouanda, a traduit leur reconnaissance \u00e0 l\u2019endroit du MFSNFAH et son Partenaire technique financier (PTF), l\u2019ambassade de France au Burkina Faso.<\/p>\n<figure id=\"attachment_40141\" aria-describedby=\"caption-attachment-40141\" style=\"width: 300px\" class=\"wp-caption alignright\"><img decoding=\"async\" loading=\"lazy\" class=\"wp-image-40141 size-medium\" src=\"https:\/\/linitiative.ca\/International\/wp-content\/uploads\/sites\/23\/2021\/09\/3-15-300x225-1.jpg\" alt=\"\" width=\"300\" height=\"225\" srcset=\"https:\/\/linitiative.ca\/International\/wp-content\/uploads\/sites\/23\/2021\/09\/3-15-300x225-1.jpg 300w, https:\/\/www.sidwaya.info\/wp-content\/uploads\/2021\/09\/3-15-150x112.jpg 150w, https:\/\/www.sidwaya.info\/wp-content\/uploads\/2021\/09\/3-15-560x420.jpg 560w, https:\/\/www.sidwaya.info\/wp-content\/uploads\/2021\/09\/3-15-80x60.jpg 80w, https:\/\/www.sidwaya.info\/wp-content\/uploads\/2021\/09\/3-15-265x198.jpg 265w, https:\/\/www.sidwaya.info\/wp-content\/uploads\/2021\/09\/3-15.jpg 595w\" sizes=\"auto, (max-width: 300px) 100vw, 300px\"><figcaption id=\"caption-attachment-40141\" class=\"wp-caption-text\">Le projet prendra en compte les PDI et les communaut\u00e9s-h\u00f4tes vuln\u00e9rables.<\/figcaption><\/figure>\n<p>\u00ab Les CNIB que nous acquerrons nous permettront, non seulement de circuler librement dans ce contexte de crise s\u00e9curitaire et de b\u00e9n\u00e9ficier d\u2019une prise en charge holistique aupr\u00e8s des services de l\u2019Action humanitaire \u00bb, s\u2019est-elle r\u00e9jouie. Pour l\u2019ambassadeur de France au Burkina Faso, Luc Hallade, le financement de ce projet vient une fois de plus montrer la volont\u00e9 de son pays \u00e0 accompagner le gouvernement dans la prise en charge des PDI. \u00ab La France est solidaire du Burkina Faso dans quatre domaines, en particulier sur la prise en charge des PDI. Il ne suffit pas de l\u2019accompagner sur le plan militaire, il faut aussi prendre en compte les cons\u00e9quences du terrorisme \u00bb, a indiqu\u00e9 le diplomate fran\u00e7ais.<\/p>\n<p style=\"text-align: right\"><strong>Emil Abdoul <\/strong><\/p>\n<p style=\"text-align: right\"><strong>Razak SEGDA<\/strong><\/p>\n<p>L\u2019article <a rel=\"nofollow\" href=\"https:\/\/www.sidwaya.info\/blog\/2021\/09\/28\/enregistrement-des-deplaces-internes-un-projet-pour-relever-le-defi\/\">Enregistrement des d\u00e9plac\u00e9s internes : un projet pour relever le d\u00e9fi<\/a> est apparu en premier sur <a rel=\"nofollow\" href=\"https:\/\/www.sidwaya.info\/\">Quotidien Sidwaya<\/a>.<\/p>\n<\/div>\n<p>Auteur: BM. Sidwaya<br \/>\n<a href=\"https:\/\/www.sidwaya.info\/blog\/2021\/09\/28\/enregistrement-des-deplaces-internes-un-projet-pour-relever-le-defi\/\">Cliquez ici pour lire l&rsquo;article depuis sa source.<\/a><\/p>\n","protected":false},"excerpt":{"rendered":"<p>La ministre de la Femme, de la Solidarit\u00e9 nationale, de la Famille et de l\u2019Action humanitaire, Marie Laurence Ilboudo Marshall a lanc\u00e9, le mardi 28 septembre 2021 \u00e0 Kaya, le projet \u00ab Appui \u00e0 la protection et au profilage des personnes d\u00e9plac\u00e9es internes et des populations-h\u00f4tes vuln\u00e9rables \u00bb. L\u2019ambassadeur fran\u00e7ais au Burkina Faso, Luc Hallade\u00a0: [&hellip;]<\/p>\n","protected":false},"author":1816,"featured_media":0,"comment_status":"closed","ping_status":"closed","sticky":false,"template":"","format":"standard","meta":{"fifu_image_url":"https:\/\/www.sidwaya.info\/wp-content\/uploads\/2021\/09\/2-32-225x300.jpg","fifu_image_alt":"Enregistrement des d\u00e9plac\u00e9s internes : un projet pour relever le d\u00e9fi","footnotes":""},"categories":[73,81],"tags":[],"class_list":["post-128455","post","type-post","status-publish","format-standard","hentry","category-actualite","category-burkina-faso"],"_links":{"self":[{"href":"https:\/\/linitiative.ca\/International\/wp-json\/wp\/v2\/posts\/128455","targetHints":{"allow":["GET"]}}],"collection":[{"href":"https:\/\/linitiative.ca\/International\/wp-json\/wp\/v2\/posts"}],"about":[{"href":"https:\/\/linitiative.ca\/International\/wp-json\/wp\/v2\/types\/post"}],"author":[{"embeddable":true,"href":"https:\/\/linitiative.ca\/International\/wp-json\/wp\/v2\/users\/1816"}],"replies":[{"embeddable":true,"href":"https:\/\/linitiative.ca\/International\/wp-json\/wp\/v2\/comments?post=128455"}],"version-history":[{"count":0,"href":"https:\/\/linitiative.ca\/International\/wp-json\/wp\/v2\/posts\/128455\/revisions"}],"wp:attachment":[{"href":"https:\/\/linitiative.ca\/International\/wp-json\/wp\/v2\/media?parent=128455"}],"wp:term":[{"taxonomy":"category","embeddable":true,"href":"https:\/\/linitiative.ca\/International\/wp-json\/wp\/v2\/categories?post=128455"},{"taxonomy":"post_tag","embeddable":true,"href":"https:\/\/linitiative.ca\/International\/wp-json\/wp\/v2\/tags?post=128455"}],"curies":[{"name":"wp","href":"https:\/\/api.w.org\/{rel}","templated":true}]}}