{"id":128460,"date":"2021-09-28T17:16:40","date_gmt":"2021-09-28T21:16:40","guid":{"rendered":"https:\/\/linitiative.ca\/International\/developpement-de-lindustrie-pharmaceutique-mutualiser-les-efforts-dans-le-domaine-des-investissements\/"},"modified":"2021-09-28T17:16:40","modified_gmt":"2021-09-28T21:16:40","slug":"developpement-de-lindustrie-pharmaceutique-mutualiser-les-efforts-dans-le-domaine-des-investissements","status":"publish","type":"post","link":"https:\/\/linitiative.ca\/International\/developpement-de-lindustrie-pharmaceutique-mutualiser-les-efforts-dans-le-domaine-des-investissements\/","title":{"rendered":"D\u00e9veloppement de l\u2019industrie pharmaceutique : mutualiser les efforts dans le domaine des investissements"},"content":{"rendered":"<div>\n<p><strong>Le Pr\u00e9sident du Faso, Roch Marc Christian Kabor\u00e9, a particip\u00e9, le mardi 28 septembre 2021 \u00e0 Ouagadougou, par visioconf\u00e9rence \u00e0 une rencontre de haut niveau sur le d\u00e9veloppement de l\u2019industrie pharmaceutique. <\/strong><\/p>\n<p>Le d\u00e9veloppement de l\u2019industrie pharmaceutique \u00e9tait au c\u0153ur d\u2019une rencontre de haut niveau, organis\u00e9e par l\u2019Organisation des Nations unies pour le d\u00e9veloppement industriel (ONUDI). Invit\u00e9 comme orateur, le Pr\u00e9sident du Faso, Roch Marc Christian Kabor\u00e9, a donn\u00e9 son point de vue sur le d\u00e9veloppement de l\u2019industrie pharmaceutique en Afrique par visioconf\u00e9rence, le mardi 28 septembre 2021, \u00e0 Ouagadougou. Selon le conseiller sp\u00e9cial et par ailleurs Directeur du bureau de suivi du programme pr\u00e9sidentiel, Dr Mathias Som\u00e9, le chef de l\u2019Etat a soulign\u00e9 l\u2019importance pour les Africains de mieux se concerter pour avoir une industrialisation beaucoup plus compl\u00e9mentaire au lieu que chaque pays essaie de faire son industrialisation. \u00ab Il a mis l\u2019accent sur la n\u00e9cessit\u00e9 au moins pour chaque pays de mettre en place une industrialisation pharmaceutique pour r\u00e9pondre aux besoins pressants des populations notamment dans les m\u00e9dicaments essentiels \u00bb, a-t-il soutenu. Prenant le cas du Burkina Faso, aux dires de M. Som\u00e9, il peut \u00eatre fabriqu\u00e9 des produits antipalud\u00e9ens ou des antiinfectieux sous forme g\u00e9n\u00e9rique de fa\u00e7on \u00e0 ce que ceux-ci soient, non seulement, \u00ab disponibles \u00bb, mais aussi \u00ab accessibles financi\u00e8rement \u00bb.<\/p>\n<p>\u00ab En outre, il voudrait que les pays, pour ce qui concerne les productions de vaccins et surtout pour des produits de sp\u00e9cialit\u00e9, puissent se concerter pour mutualiser leurs efforts dans le domaine des investissements parce que tous les Etats ne peuvent pas produire des produits chers \u00bb, a-t-il indiqu\u00e9. Pour ce faire, a-t-il laiss\u00e9 entendre, le pr\u00e9sident Kabor\u00e9 a appel\u00e9 les Etats \u00e0 soutenir les industries pharmaceutiques \u00e0 travers un certain nombre de mesures notamment la lev\u00e9e de la taxe sur les mati\u00e8res premi\u00e8res qui sont import\u00e9es et mettre plut\u00f4t des taxes sur les m\u00e9dicaments import\u00e9s. Ces mesures, a affirm\u00e9 Mathias Som\u00e9, vont pouvoir soutenir les productions locales, lutter contre les produits de contrefa\u00e7on qui tuent les industries locales, mais \u00e9galement encourager une sorte de partenariat entre les investisseurs nationaux et internationaux et les Etats.<\/p>\n<p style=\"text-align: right\"><strong>Timoth\u00e9e SOME timothesom@yahoo.fr <\/strong><\/p>\n<p style=\"text-align: right\"><strong>Aissata YAMEOGO (Stagiaire) <\/strong><\/p>\n<p>L\u2019article <a rel=\"nofollow\" href=\"https:\/\/www.sidwaya.info\/blog\/2021\/09\/28\/developpement-de-lindustrie-pharmaceutique-mutualiser-les-efforts-dans-le-domaine-des-investissements\/\">D\u00e9veloppement de l\u2019industrie pharmaceutique : mutualiser les efforts dans le domaine des investissements<\/a> est apparu en premier sur <a rel=\"nofollow\" href=\"https:\/\/www.sidwaya.info\/\">Quotidien Sidwaya<\/a>.<\/p>\n<\/div>\n<p>Auteur: BM. Sidwaya<br \/>\n<a href=\"https:\/\/www.sidwaya.info\/blog\/2021\/09\/28\/developpement-de-lindustrie-pharmaceutique-mutualiser-les-efforts-dans-le-domaine-des-investissements\/\">Cliquez ici pour lire l&rsquo;article depuis sa source.<\/a><\/p>\n","protected":false},"excerpt":{"rendered":"<p>Le Pr\u00e9sident du Faso, Roch Marc Christian Kabor\u00e9, a particip\u00e9, le mardi 28 septembre 2021 \u00e0 Ouagadougou, par visioconf\u00e9rence \u00e0 une rencontre de haut niveau sur le d\u00e9veloppement de l\u2019industrie pharmaceutique. Le d\u00e9veloppement de l\u2019industrie pharmaceutique \u00e9tait au c\u0153ur d\u2019une rencontre de haut niveau, organis\u00e9e par l\u2019Organisation des Nations unies pour le d\u00e9veloppement industriel (ONUDI). [&hellip;]<\/p>\n","protected":false},"author":1816,"featured_media":0,"comment_status":"closed","ping_status":"closed","sticky":false,"template":"","format":"standard","meta":{"fifu_image_url":"","fifu_image_alt":"","footnotes":""},"categories":[73,81],"tags":[],"class_list":["post-128460","post","type-post","status-publish","format-standard","hentry","category-actualite","category-burkina-faso"],"_links":{"self":[{"href":"https:\/\/linitiative.ca\/International\/wp-json\/wp\/v2\/posts\/128460","targetHints":{"allow":["GET"]}}],"collection":[{"href":"https:\/\/linitiative.ca\/International\/wp-json\/wp\/v2\/posts"}],"about":[{"href":"https:\/\/linitiative.ca\/International\/wp-json\/wp\/v2\/types\/post"}],"author":[{"embeddable":true,"href":"https:\/\/linitiative.ca\/International\/wp-json\/wp\/v2\/users\/1816"}],"replies":[{"embeddable":true,"href":"https:\/\/linitiative.ca\/International\/wp-json\/wp\/v2\/comments?post=128460"}],"version-history":[{"count":0,"href":"https:\/\/linitiative.ca\/International\/wp-json\/wp\/v2\/posts\/128460\/revisions"}],"wp:attachment":[{"href":"https:\/\/linitiative.ca\/International\/wp-json\/wp\/v2\/media?parent=128460"}],"wp:term":[{"taxonomy":"category","embeddable":true,"href":"https:\/\/linitiative.ca\/International\/wp-json\/wp\/v2\/categories?post=128460"},{"taxonomy":"post_tag","embeddable":true,"href":"https:\/\/linitiative.ca\/International\/wp-json\/wp\/v2\/tags?post=128460"}],"curies":[{"name":"wp","href":"https:\/\/api.w.org\/{rel}","templated":true}]}}