{"id":128462,"date":"2021-09-28T17:46:31","date_gmt":"2021-09-28T21:46:31","guid":{"rendered":"https:\/\/linitiative.ca\/International\/le-corps-dun-nouveau-ne-dans-les-toilettes-dun-debit-de-boisson\/"},"modified":"2021-09-28T17:46:31","modified_gmt":"2021-09-28T21:46:31","slug":"le-corps-dun-nouveau-ne-dans-les-toilettes-dun-debit-de-boisson","status":"publish","type":"post","link":"https:\/\/linitiative.ca\/International\/le-corps-dun-nouveau-ne-dans-les-toilettes-dun-debit-de-boisson\/","title":{"rendered":"Le corps d\u2019un nouveau-n\u00e9 dans les toilettes d\u2019un d\u00e9bit de boisson"},"content":{"rendered":"<div>\n<p><strong>Le corps d\u2019un nouveau-n\u00e9 dans les toilettes d\u2019un d\u00e9bit de boisson <\/strong><\/p>\n<p>Kantigui a \u00e9t\u00e9 alert\u00e9, le lundi 27 septembre 2021, que le corps d\u2019un nouveau-n\u00e9 a \u00e9t\u00e9 rep\u00each\u00e9 dans les toilettes (WC) d\u2019un d\u00e9bit de boisson, \u00e0 Gambr-Yaar, un quartier non loti jouxtant le quartier Tampouy \u00e0 Ouagadougou. Selon l\u2019informateur de Kantigui, c\u2019est dans l\u2019apr\u00e8s-midi que les usagers des toilettes s\u2019en sont rendu compte. Les soup\u00e7ons ont vite pes\u00e9 sur une fille (m\u00e8re de deux autres enfants) qui serait la s\u0153ur du propri\u00e9taire des lieux, puisque jusque-l\u00e0, elle \u00e9tait la seule enceinte et presqu\u2019\u00e0 terme. Inform\u00e9s du drame, le propri\u00e9taire et les Koglw\u00e9ogo ont alert\u00e9 les sapeurs-pompiers. Arriv\u00e9s sur place, ces derniers ont constat\u00e9 que le nouveau-n\u00e9 \u00e9tait d\u00e9j\u00e0 d\u00e9c\u00e9d\u00e9. La gendarmerie s\u2019est d\u00e9port\u00e9e sur les lieux, a appris Kantigui, pour faire les constatations d\u2019usage. \u00ab\u00a0C\u2019est plus tard que la fille en question avouera les faits. Conduite chez les Koglw\u00e9ogo, elle a \u00e9t\u00e9 amen\u00e9e au CSPS pour \u00eatre soign\u00e9e, parce qu\u2019elle saignait encore\u00a0\u00bb, a rapport\u00e9 l\u2019interlocuteur de Kantigui. Kantigui se rappelle que l\u2019avortement, une des cons\u00e9quences des grossesses non d\u00e9sir\u00e9es, est interdit par la loi, sauf dans les cas de viol ou pour prot\u00e9ger la sant\u00e9 de la femme enceinte. C\u2019est donc g\u00e9n\u00e9ralement dans le secret que de nombreuses femmes mettent fin \u00e0 leurs grossesses. Ces cas, malheureusement courants, interpellent le corps social.<\/p>\n<p><strong>R\u00e9affectations des \u00e9l\u00e8ves du Lyc\u00e9e Zinda<\/strong> : des cas probl\u00e9matiques La rentr\u00e9e scolaire est une r\u00e9alit\u00e9 et les parents d\u2019\u00e9l\u00e8ves s\u2019arrachent les cheveux pour \u00ab\u00a0caser\u00a0\u00bb leurs enfants, avec entre autres souhaits, la proximit\u00e9 de l\u2019\u00e9cole de leur gamin du domicile familial. Ce souci anime bien \u00e9videmment les parents des \u00e9l\u00e8ves du Lyc\u00e9e Philippe-Zinda-Kabor\u00e9, ferm\u00e9 pour raison de gr\u00e8ve et de destruction de mat\u00e9riel au cours de manifestations violentes. Dans leur r\u00e9affectation, ces \u00e9l\u00e8ves avaient la possibilit\u00e9 de choisir trois \u00e9tablissements, par ordre de pr\u00e9f\u00e9rence. Contre toute attente, Kantigui a eu vent de la peine d\u2019un parent d\u2019\u00e9l\u00e8ve, habitant Somgand\u00e9 dont les trois choix ont \u00e9t\u00e9 abandonn\u00e9s au profit d\u2019une inscription \u00e0 Kamboinsin. Il est \u00e9galement revenu \u00e0 Kantigui qu\u2019un \u00e9l\u00e8ve qui habite Nioko 2 (route de Fada) a \u00e9t\u00e9 affect\u00e9 dans un \u00e9tablissement de Zagtouli (route de Bobo-Dioulasso), alors que cela ne faisait pas partie de ses choix. \u00ab\u00a0Un autre \u00e9l\u00e8ve, qui a demand\u00e9 la 1re C, a \u00e9t\u00e9 affect\u00e9 en 1re D. Cet \u00e9l\u00e8ve est all\u00e9 \u00e0 la Direction provinciale en charge de l\u2019enseignement postprimaire, pour s\u2019entendre dire de partir dans son lyc\u00e9e d\u2019affectation. L\u00e0-bas, on lui a dit qu\u2019il est impossible de l\u2019affecter en 1re C\u00a0\u00bb, a-t-on rapport\u00e9 \u00e0 Kantigui. A ces deux cas, s\u2019ajoute le probl\u00e8me d\u2019un \u00e9l\u00e8ve dont le nom ne figure pas sur la liste des affect\u00e9s. Kantigui esp\u00e8re que les autorit\u00e9s en charge de l\u2019\u00e9ducation trouveront des solutions aux cas des plaignants.<\/p>\n<p><strong>Rentr\u00e9e scolaire: mise en garde contre la perception de frais d\u2019inscription <\/strong><\/p>\n<p>Dans ses p\u00e9r\u00e9grinations \u00e0 Bobo-Dioulasso, Kantigui a pris connaissance d\u2019un communiqu\u00e9 de la mairie qui met en garde contre la perception de frais d\u2019inscription dans les \u00e9tablissements scolaires publics. Le maire de ladite commune informe l\u2019ensemble de la communaut\u00e9 \u00e9ducative et particuli\u00e8rement les parents d\u2019\u00e9l\u00e8ves, que le recrutement de nouveaux \u00e9l\u00e8ves\/apprenants au pr\u00e9scolaire, primaire et non formel publics ne doit \u00eatre subordonn\u00e9 \u00e0 la perception de quelconque frais d\u2019inscription. Cette directive est conforme aux orientations politiques en vigueur. Selon les termes du communiqu\u00e9 que Kantigui a pris le soin de bien lire, les Associations des parents d\u2019\u00e9l\u00e8ves (APE) et directeurs ont \u00e9t\u00e9 invit\u00e9s \u00e0 trouver d\u2019autres m\u00e9canismes de perception des cotisations APE en dehors du cadre des recrutements scolaires. La mairie a clairement signifi\u00e9 qu\u2019elle se d\u00e9sengage de\u00a0\u00ab\u00a0pratiques non recommand\u00e9es\u00a0\u00bb et de \u00ab\u00a0tous les d\u00e9sagr\u00e9ments\u00a0\u00bb\u00a0y relatifs. Kantigui note que ces dispositions sont l\u2019aboutissement d\u2019un long combat men\u00e9 par des associations de la soci\u00e9t\u00e9 civile notamment le REN-LAC. Kantigui esp\u00e8re que d\u2019autres collectivit\u00e9s embo\u00eeteront le pas pour soulager les parents de certains faux frais.<\/p>\n<p><strong> Les occupants de la for\u00eat de Kua d\u00e9guerpis <\/strong><\/p>\n<p>Dans ses fouilles,\u00a0Kantigui\u00a0est tomb\u00e9 sur une information faisant \u00e9tat du d\u00e9guerpissement des occupants ill\u00e9gaux de la for\u00eat de Kua hier mardi 28 septembre 2021 par la Direction r\u00e9gionale en charge de l\u2019environnement. C\u2019est aux environs de 4 heures du matin du mardi que des bulldozers, selon la source de\u00a0Kantigui, ont entam\u00e9 la d\u00e9molition des habitats dans cette for\u00eat class\u00e9e avant l\u2019ind\u00e9pendance du pays. Une situation qui a \u00e9t\u00e9 une aubaine pour les conducteurs de tricycles qui faisaient des va-et-vient au petit matin pour transporter les bagages. La Direction r\u00e9gionale en charge de l\u2019environnement des Hauts-Bassins a fait comprendre que depuis 2019 des pourparlers ont \u00e9t\u00e9 engag\u00e9s avec les occupants de la for\u00eat pour leur demander de lib\u00e9rer les lieux ill\u00e9galement occup\u00e9s.\u00a0\u00ab\u00a0Malgr\u00e9 les multiples actions de sensibilisation, ils sont toujours rest\u00e9s camp\u00e9s sur leur position\u00a0\u00bb, explique-t-on du c\u00f4t\u00e9 des services de l\u2019Environnement, indiquant que deux meneurs ont m\u00eame \u00e9t\u00e9 d\u00e9pos\u00e9s \u00e0 la Maison d\u2019arr\u00eat et de correction de Bobo-Dioulasso dans l\u2019espoir de les dissuader sans gain de cause. Avant d\u2019op\u00e9rer ce d\u00e9guerpissement, le Directeur r\u00e9gional a indiqu\u00e9 que les occupants ont \u00e9t\u00e9 inform\u00e9s de l\u2019op\u00e9ration depuis le 18 juin 2021 et devaient lib\u00e9rer les lieux dans un d\u00e9lai d\u2019un mois.<\/p>\n<p><strong>Pas de bitume sur l\u2019axe Banfora-Mangodara <\/strong><\/p>\n<p>Dans sa parution du mercredi 22 septembre 2021, Kantigui avait malencontreusement intitul\u00e9 sa br\u00e8ve \u00ab Axe Banfora-Mangodara : le nouveau bitume d\u00e9j\u00e0 d\u00e9grad\u00e9 \u00bb. Dans les faits, il ne s\u2019agit pas d\u2019un bitume, mais plut\u00f4t d\u2019une voie en terre battue, d\u00e9grad\u00e9e par les eaux de pluie dans le village de Touroukoro, localit\u00e9 situ\u00e9e \u00e0 pr\u00e8s de 85 kilom\u00e8tres de Banfora. Kantigui pr\u00e9sente ses excuses \u00e0 l\u2019entreprise, au minist\u00e8re en charge des Infrastructures et aux lecteurs.<\/p>\n<p><strong>UEMOA\u00a0: vers la r\u00e9ouverture des fronti\u00e8res terrestres<\/strong><\/p>\n<p>Kantigui a \u00e9t\u00e9 inform\u00e9 qu\u2019\u00e0 l\u2019issue d\u2019une r\u00e9union par Visio-conf\u00e9rence, les ministres en charge de la sant\u00e9, des transports terrestres et de la s\u00e9curit\u00e9 des Etats-membres de l\u2019UEMOA se sont dit favorables \u00e0 une r\u00e9ouverture des fronti\u00e8res terrestres, sous certaines conditions. Convoqu\u00e9e par la Commission de l\u2019UEMOA, la r\u00e9union a permis, entre autres, de discuter des contraintes rendant difficiles la r\u00e9ouverture des fronti\u00e8res terrestres, de proposer des solutions et de valider le projet de protocole de r\u00e9ouverture. Selon le pr\u00e9sident de la Commission de l\u2019Union, Abddoulaye Diop, bien que les urgences d\u2019ordre sanitaire fassent partie des motifs pr\u00e9vus par le Trait\u00e9 pour restreindre la libert\u00e9 de circulation, il appartient aux d\u00e9cideurs de veiller \u00e0 limiter cette restriction dans le temps. Il est \u00e9galement important que les citoyens ne per\u00e7oivent pas de diff\u00e9rences de traitements entre eux, uniquement bas\u00e9es sur le mode de transport auquel ils ont acc\u00e8s, a-t-il poursuivi. En effet, les fronti\u00e8res a\u00e9riennes dans l\u2019UEMOA sont ouvertes depuis aout 2020. Par ailleurs, Abdoulaye Diop a soulign\u00e9 que la Commission a \u00e9t\u00e9 instruite par le Pr\u00e9sident de la conf\u00e9rence des chefs d\u2019Etat et de gouvernements, le Pr\u00e9sident du Faso, Roch Marc Christian Kabor\u00e9, de formuler dans les meilleurs d\u00e9lais, en concertation avec les ministres en charge des transport, de la sant\u00e9 et de la s\u00e9curit\u00e9, des propositions concr\u00e8tes pour permettre la r\u00e9ouverture des fronti\u00e8res terrestres. Le Pr\u00e9sident de la conf\u00e9rence des chefs d\u2019Etat et de gouvernements s\u2019est engag\u00e9 \u00e0 transmettre les propositions des ministres \u00e0 ses pairs, a appris Kantigui.<\/p>\n<p><strong>Alerte sur une \u00ab\u00a0situation explosive\u00a0\u00bb \u00e0 Doundoudougou<\/strong><\/p>\n<p>Une profonde crise divise des populations du village de Doundoudougou, dans le d\u00e9partement de Andemtenga, province du Kourittenga (Koup\u00e8la). Dans sa parution du mercredi 18 ao\u00fbt dernier, Kantigui, sur la base d\u2019images vid\u00e9o en sa possession, s\u2019\u00e9tait fait l\u2019\u00e9cho de ce que des habitants du quartier Zams\u00e9 dudit village \u00e9taient sur le point d\u2019\u00eatre chass\u00e9s de Doundoudougou. \u00ab Interrog\u00e9e sur les raisons de cette inimiti\u00e9, la source de Kantigui a fait savoir qu\u2019une querelle de chef de terre les oppose aux autres habitants du village. Les populations de Zams\u00e9 sont accus\u00e9es de ne pas faire all\u00e9geance au chef de Doundoudougou, ce qui leur vaut la destruction de leurs habitats, champs de cultures et une interdiction de s\u00e9journer dans le village et de fr\u00e9quenter le march\u00e9 \u00bb, avait-on \u00e9crit. Dans une d\u00e9claration parvenue \u00e0 Kantigui et faisant office de droit de r\u00e9ponse, des responsables coutumiers dudit village estiment avoir, pendant longtemps, contenu la population face aux agissements de la famille Zagr\u00e9, \u00e0 l\u2019origine du probl\u00e8me. Ainsi, ils accusent ladite famille d\u2019avoir bouch\u00e9 deux puits fonctionnels \u00e0 Zams\u00e9, puits creus\u00e9s par la population de Doundoudougou et d\u2019avoir tent\u00e9 de faire introniser, \u00e0 plusieurs reprises, un des leurs comme chef de Zams\u00e9, entre 1979 et 2019, par le Naaba Sapilma de Koup\u00e9la et par l\u2019actuel chef de Koup\u00e9la. Alors que coutumi\u00e8rement, le village rel\u00e8verait de Boulsa et non de Koup\u00e9la. A cela, ils ont ajout\u00e9 l\u2019agression sur la voie publique, le 6 f\u00e9vrier 1989, du responsable coutumier de Zams\u00e9 \u00ab r\u00e9guli\u00e8rement \u00bb nomm\u00e9 par le chef de Doundoudougou et les \u00ab demandes clandestines \u00bb d\u2019\u00e9rection de Zams\u00e9 en village administratif, en 1988 et en 2003. \u00ab C\u2019est la tentative, en 2019, de faire introniser un de la famille Zagr\u00e9 comme chef de Zams\u00e9, en violation de toutes les r\u00e8gles coutumi\u00e8res et modernes, par Sa Majest\u00e9 le chef de Koup\u00e9la, qui a constitu\u00e9 le dernier cas de trouble cr\u00e9\u00e9 par la famille Zagr\u00e9 et pour lequel elle tente frauduleusement de se passer pour la victime aupr\u00e8s des juridictions. Pour ce faire, des reportages command\u00e9s, men\u00e9s par deux organes de la presse \u00e9crite (Sidwaya n\u00b0 9455 et La Lettre du Faso n\u00b0 154), pr\u00e9sentent \u00e0 tort, la famille Zagr\u00e9 comme \u00e9tant victime alors que c\u2019est elle-m\u00eame qui trouble la tranquillit\u00e9 de la population de Doundoudougou, tout en la narguant \u00bb, a pu lire Kantigui. Ce droit de r\u00e9ponse, ne contredit pourtant en rien l\u2019\u00e9crit de Kantigui, qui invite toutefois les autorit\u00e9s \u00e0 trouver une solution d\u00e9finitive \u00e0 ce probl\u00e8me.<\/p>\n<p style=\"text-align: right\"><strong> Kantigui <\/strong><\/p>\n<p style=\"text-align: right\"><strong>kantigui2000@gmail.com (+226) 25 31 22 89 <\/strong><\/p>\n<p>L\u2019article <a rel=\"nofollow\" href=\"https:\/\/www.sidwaya.info\/blog\/2021\/09\/28\/le-corps-dun-nouveau-ne-dans-les-toilettes-dun-debit-de-boisson\/\">Le corps d\u2019un nouveau-n\u00e9 dans les toilettes d\u2019un d\u00e9bit de boisson<\/a> est apparu en premier sur <a rel=\"nofollow\" href=\"https:\/\/www.sidwaya.info\/\">Quotidien Sidwaya<\/a>.<\/p>\n<\/div>\n<p>Auteur: BM. Sidwaya<br \/>\n<a href=\"https:\/\/www.sidwaya.info\/blog\/2021\/09\/28\/le-corps-dun-nouveau-ne-dans-les-toilettes-dun-debit-de-boisson\/\">Cliquez ici pour lire l&rsquo;article depuis sa source.<\/a><\/p>\n","protected":false},"excerpt":{"rendered":"<p>Le corps d\u2019un nouveau-n\u00e9 dans les toilettes d\u2019un d\u00e9bit de boisson Kantigui a \u00e9t\u00e9 alert\u00e9, le lundi 27 septembre 2021, que le corps d\u2019un nouveau-n\u00e9 a \u00e9t\u00e9 rep\u00each\u00e9 dans les toilettes (WC) d\u2019un d\u00e9bit de boisson, \u00e0 Gambr-Yaar, un quartier non loti jouxtant le quartier Tampouy \u00e0 Ouagadougou. Selon l\u2019informateur de Kantigui, c\u2019est dans l\u2019apr\u00e8s-midi [&hellip;]<\/p>\n","protected":false},"author":1816,"featured_media":0,"comment_status":"closed","ping_status":"closed","sticky":false,"template":"","format":"standard","meta":{"fifu_image_url":"","fifu_image_alt":"","footnotes":""},"categories":[73,81],"tags":[],"class_list":["post-128462","post","type-post","status-publish","format-standard","hentry","category-actualite","category-burkina-faso"],"_links":{"self":[{"href":"https:\/\/linitiative.ca\/International\/wp-json\/wp\/v2\/posts\/128462","targetHints":{"allow":["GET"]}}],"collection":[{"href":"https:\/\/linitiative.ca\/International\/wp-json\/wp\/v2\/posts"}],"about":[{"href":"https:\/\/linitiative.ca\/International\/wp-json\/wp\/v2\/types\/post"}],"author":[{"embeddable":true,"href":"https:\/\/linitiative.ca\/International\/wp-json\/wp\/v2\/users\/1816"}],"replies":[{"embeddable":true,"href":"https:\/\/linitiative.ca\/International\/wp-json\/wp\/v2\/comments?post=128462"}],"version-history":[{"count":0,"href":"https:\/\/linitiative.ca\/International\/wp-json\/wp\/v2\/posts\/128462\/revisions"}],"wp:attachment":[{"href":"https:\/\/linitiative.ca\/International\/wp-json\/wp\/v2\/media?parent=128462"}],"wp:term":[{"taxonomy":"category","embeddable":true,"href":"https:\/\/linitiative.ca\/International\/wp-json\/wp\/v2\/categories?post=128462"},{"taxonomy":"post_tag","embeddable":true,"href":"https:\/\/linitiative.ca\/International\/wp-json\/wp\/v2\/tags?post=128462"}],"curies":[{"name":"wp","href":"https:\/\/api.w.org\/{rel}","templated":true}]}}