{"id":128468,"date":"2021-09-28T16:18:01","date_gmt":"2021-09-28T20:18:01","guid":{"rendered":"https:\/\/linitiative.ca\/International\/tenue-de-la-haute-commission-mixte-maroco-mauritanienne-dans-les-semaines-a-venir-bourita\/"},"modified":"2021-09-28T16:18:01","modified_gmt":"2021-09-28T20:18:01","slug":"tenue-de-la-haute-commission-mixte-maroco-mauritanienne-dans-les-semaines-a-venir-bourita","status":"publish","type":"post","link":"https:\/\/linitiative.ca\/International\/tenue-de-la-haute-commission-mixte-maroco-mauritanienne-dans-les-semaines-a-venir-bourita\/","title":{"rendered":"Tenue de la Haute commission mixte maroco-mauritanienne dans les semaines \u00e0 venir (Bourita)"},"content":{"rendered":"<div>\n<p><img loading=\"lazy\" decoding=\"async\" width=\"1280\" height=\"960\" src=\"https:\/\/linitiative.ca\/International\/wp-content\/uploads\/sites\/23\/2021\/09\/16328602818944.jpg\" class=\"attachment-post-thumbnail size-post-thumbnail wp-post-image\" alt=\"\" srcset=\"https:\/\/linitiative.ca\/International\/wp-content\/uploads\/sites\/23\/2021\/09\/16328602818944.jpg 1280w, https:\/\/www.journalducameroun.com\/wp-content\/uploads\/2021\/09\/16328602818944-300x225.jpg 300w, https:\/\/www.journalducameroun.com\/wp-content\/uploads\/2021\/09\/16328602818944-768x576.jpg 768w, https:\/\/www.journalducameroun.com\/wp-content\/uploads\/2021\/09\/16328602818944-1024x768.jpg 1024w, https:\/\/www.journalducameroun.com\/wp-content\/uploads\/2021\/09\/16328602818944-587x440.jpg 587w, https:\/\/www.journalducameroun.com\/wp-content\/uploads\/2021\/09\/16328602818944-600x450.jpg 600w\" sizes=\"auto, (max-width: 1280px) 100vw, 1280px\"><\/p>\n<p>La Haute Commission Mixte et le Forum des hommes d&rsquo;affaires maroco-mauritanien se tiendront dans les semaines \u00e0 venir, a annonc\u00e9, mardi \u00e0 Rabat, le ministre marocain des Affaires \u00e9trang\u00e8res, Nasser Bourita.Lors d&rsquo;une conf\u00e9rence de presse \u00e0 l&rsquo;issue d&rsquo;une entrevue avec son homologue mauritanien, Isma\u00efl Ould Cheikh Ahmed, le ministre a r\u00e9v\u00e9l\u00e9 que le Maroc et la Mauritanie sont unis par des liens solides sous l&rsquo;impulsion des chefs d&rsquo;Etat des deux pays qui veillent \u00e0 sauvegarder la sp\u00e9cificit\u00e9 et la solidit\u00e9 des relations bilat\u00e9rales.<\/p>\n<p>Il a ajout\u00e9 que les entretiens ont port\u00e9 sur les moyens de promouvoir davantage ces liens, surtout sur le plan des consultations politiques bilat\u00e9rales et de la coordination au sujet de toutes les questions, principalement celles inh\u00e9rentes au volet humain, un pilier important dans les relations entre les deux pays.<\/p>\n<p>\u00ab\u00a0Les relations humaines entre le Maroc et la Mauritanie sont uniques et distingu\u00e9es\u00a0\u00bb, a soutenu M. Bourita , notant que plus de 60% des \u00e9tudiants arabes au Maroc sont des Mauritaniens, ajoutant que la formation et l&rsquo;\u00e9change d&rsquo;expertises sont comme ils l&rsquo;ont \u00e9t\u00e9 toujours un des fondamentaux des relations entre les deux pays.<\/p>\n<p>Il a aussi fait savoir que la Mauritanie occupe une place privil\u00e9gi\u00e9e sur le registre de l&rsquo;octroi des bourses et les inscriptions dans les grandes \u00e9coles et les universit\u00e9s marocaines et ce, au vu de l&rsquo;excellence des relations de bon voisinage et la solidit\u00e9 des liens entre les deux peuples fr\u00e8res.<\/p>\n<p>\t\u00c9voquant le volet \u00e9conomique de la coop\u00e9ration bilat\u00e9rale, M. Bourita a d\u00e9plor\u00e9 le fait que \u00a0\u00bbles opportunit\u00e9s offertes ne sont pas jusque-l\u00e0 exploit\u00e9es d&rsquo;une mani\u00e8re optimale et ce, malgr\u00e9 les avanc\u00e9es enregistr\u00e9es sur le plan de la coop\u00e9ration \u00e9conomique bilat\u00e9rale\u00a0\u00bb. Il a mis en avant, \u00e0 ce propos, la volont\u00e9 des deux pays de booster leurs investissements, leurs \u00e9changes commerciaux ainsi que les projets port\u00e9s en commun par les op\u00e9rateurs priv\u00e9s marocains et mauritaniens.<\/p>\n<p>\tLe ministre a \u00e9galement indiqu\u00e9 que les entretiens avec son homologue mauritanien ont \u00e9t\u00e9 aussi une occasion de passer en revue les questions r\u00e9gionales et internationales, se f\u00e9licitant de la convergence des vues et de l&rsquo;\u00e9troite coordination entre les deux pays.<\/p>\n<p>De son c\u00f4t\u00e9, le ministre mauritanien des Affaires \u00e9trang\u00e8res, de la Coop\u00e9ration et des Mauritaniens de l&rsquo;\u00e9tranger, M. Isma\u00ebl Ould Cheikh Ahmed, a mis en avant, mardi \u00e0 Rabat, les relations \u00ab\u00a0distingu\u00e9es et en constante \u00e9volution\u00a0\u00bb liant le Maroc et la Mauritanie.<\/p>\n<p>\t\u00ab\u00a0Les relations bilat\u00e9rales sont distingu\u00e9es et en constante \u00e9volution, et il existe une coop\u00e9ration qualitative dans divers domaines\u00a0\u00bb entre les deux pays, a-t-il soulign\u00e9, faisant savoir que sa visite au Maroc s&rsquo;inscrit dans le cadre des consultations politiques, des \u00e9changes et de la communication continus entre le Maroc et la Mauritanie.<\/p>\n<p>Le ministre a rappel\u00e9, dans ce cadre, que le Maroc abrite une importante diaspora mauritanienne de plus de 10.000 ressortissants et que le nombre des \u00e9tudiants mauritaniens au Maroc augmente r\u00e9guli\u00e8rement pour atteindre plus de 3.000 actuellement.<\/p>\n<p>\tM. Ould Cheikh Ahmed a, par ailleurs, indiqu\u00e9 que les pr\u00e9paratifs sont en cours pour la tenue de la 8\u00e8me Haute Commission mixte maroco-mautitanienne, soulignant que tous ces indicateurs traduisent la qualit\u00e9 et le niveau des relations bilat\u00e9rales.<\/p>\n<p>Cet article <a rel=\"nofollow\" href=\"https:\/\/www.journalducameroun.com\/tenue-de-la-haute-commission-mixte-maroco-mauritanienne-dans-les-semaines-a-venir-bourita\/\">Tenue de la Haute commission mixte maroco-mauritanienne dans les semaines \u00e0 venir (Bourita)<\/a> est apparu en premier sur <a rel=\"nofollow\" href=\"https:\/\/www.journalducameroun.com\/\">Journal du Cameroun<\/a>.<\/p>\n<\/div>\n<p>Auteur: APA News<br \/>\n<a href=\"https:\/\/www.journalducameroun.com\/tenue-de-la-haute-commission-mixte-maroco-mauritanienne-dans-les-semaines-a-venir-bourita\/\">Cliquez ici pour lire l&rsquo;article depuis sa source.<\/a><\/p>\n","protected":false},"excerpt":{"rendered":"<p>La Haute Commission Mixte et le Forum des hommes d&rsquo;affaires maroco-mauritanien se tiendront dans les semaines \u00e0 venir, a annonc\u00e9, mardi \u00e0 Rabat, le ministre marocain des Affaires \u00e9trang\u00e8res, Nasser Bourita.Lors d&rsquo;une conf\u00e9rence de presse \u00e0 l&rsquo;issue d&rsquo;une entrevue avec son homologue mauritanien, Isma\u00efl Ould Cheikh Ahmed, le ministre a r\u00e9v\u00e9l\u00e9 que le Maroc et [&hellip;]<\/p>\n","protected":false},"author":1965,"featured_media":0,"comment_status":"closed","ping_status":"closed","sticky":false,"template":"","format":"standard","meta":{"fifu_image_url":"https:\/\/www.journalducameroun.com\/wp-content\/uploads\/2021\/09\/16328602818944.jpg","fifu_image_alt":"Tenue de la Haute commission mixte maroco-mauritanienne dans les semaines \u00e0 venir (Bourita)","footnotes":""},"categories":[73,82],"tags":[],"class_list":["post-128468","post","type-post","status-publish","format-standard","hentry","category-actualite","category-cameroun"],"_links":{"self":[{"href":"https:\/\/linitiative.ca\/International\/wp-json\/wp\/v2\/posts\/128468","targetHints":{"allow":["GET"]}}],"collection":[{"href":"https:\/\/linitiative.ca\/International\/wp-json\/wp\/v2\/posts"}],"about":[{"href":"https:\/\/linitiative.ca\/International\/wp-json\/wp\/v2\/types\/post"}],"author":[{"embeddable":true,"href":"https:\/\/linitiative.ca\/International\/wp-json\/wp\/v2\/users\/1965"}],"replies":[{"embeddable":true,"href":"https:\/\/linitiative.ca\/International\/wp-json\/wp\/v2\/comments?post=128468"}],"version-history":[{"count":0,"href":"https:\/\/linitiative.ca\/International\/wp-json\/wp\/v2\/posts\/128468\/revisions"}],"wp:attachment":[{"href":"https:\/\/linitiative.ca\/International\/wp-json\/wp\/v2\/media?parent=128468"}],"wp:term":[{"taxonomy":"category","embeddable":true,"href":"https:\/\/linitiative.ca\/International\/wp-json\/wp\/v2\/categories?post=128468"},{"taxonomy":"post_tag","embeddable":true,"href":"https:\/\/linitiative.ca\/International\/wp-json\/wp\/v2\/tags?post=128468"}],"curies":[{"name":"wp","href":"https:\/\/api.w.org\/{rel}","templated":true}]}}