{"id":128470,"date":"2021-09-28T17:18:01","date_gmt":"2021-09-28T21:18:01","guid":{"rendered":"https:\/\/linitiative.ca\/International\/pose-de-la-premiere-pierre-du-nouveau-complexe-diplomatique-mauritanien-a-rabat\/"},"modified":"2021-09-28T17:18:01","modified_gmt":"2021-09-28T21:18:01","slug":"pose-de-la-premiere-pierre-du-nouveau-complexe-diplomatique-mauritanien-a-rabat","status":"publish","type":"post","link":"https:\/\/linitiative.ca\/International\/pose-de-la-premiere-pierre-du-nouveau-complexe-diplomatique-mauritanien-a-rabat\/","title":{"rendered":"Pose de la premi\u00e8re pierre du nouveau complexe diplomatique mauritanien \u00e0 Rabat"},"content":{"rendered":"<div>\n<p><img loading=\"lazy\" decoding=\"async\" width=\"292\" height=\"172\" src=\"https:\/\/linitiative.ca\/International\/wp-content\/uploads\/sites\/23\/2021\/09\/16328638825231.jpg\" class=\"attachment-post-thumbnail size-post-thumbnail wp-post-image\" alt=\"\"><\/p>\n<p>La pose de la premi\u00e8re pierre pour la construction du nouveau complexe diplomatique de la R\u00e9publique islamique de Mauritanie au Maroc a eu lieu mardi \u00e0 Rabat, en pr\u00e9sence du ministre des marocain Affaires \u00e9trang\u00e8res, Nasser Bourita, son homologue mauritanien Isma\u00ebl Ould Cheikh Ahmed, nombre d&rsquo;ambassadeurs accr\u00e9dit\u00e9s au Maroc en plus des repr\u00e9sentants des institutions \u00e9lues et des autorit\u00e9s locales.Ce complexe, dont le design est inspir\u00e9 de l&rsquo;authentique art architectural mauritanien, sera b\u00e2ti sur une superficie de 5.341 m\u00b2 et abritera les bureaux administratifs de l&rsquo;ambassade et la r\u00e9sidence de l&rsquo;ambassadeur.\u00a0<\/p>\n<p>Prenant la parole \u00e0 cette occasion, l&rsquo;ambassadeur de la Mauritanie \u00e0 Rabat, Mohamed Ouled Hanani a soulign\u00e9 que \u00ab\u00a0cet important projet constituera l&rsquo;un des symboles des relations distingu\u00e9es liant nos deux pays fr\u00e8res\u00a0\u00bb, formant le souhait de voir \u00ab\u00a0cet \u00e9difice contribuer \u00e0 consolider les liens \u00e9troits et multiformes\u00a0\u00bb qu&rsquo;entretiennent le Maroc et la Mauritanie.\u00a0<\/p>\n<p>Il a ajout\u00e9 que les chefs d&rsquo;Etat des deux pays, le pr\u00e9sident Mohammed Ould Cheikh El-Ghazouani et le Roi Mohammed VI n&rsquo;ont eu de cesse d&rsquo;impulser ces relations vers davantage de progr\u00e8s et de d\u00e9veloppement. Le diplomate a \u00e9galement soulign\u00e9 que ce complexe n&rsquo;aurait pas pu voir le jour sans la coop\u00e9ration et le soutien apport\u00e9s par les diff\u00e9rentes autorit\u00e9s marocaines concern\u00e9es qui ont accompagn\u00e9 l&rsquo;ambassade dans les proc\u00e9dures administratives d&rsquo;acquisition du lot de terrain et facilit\u00e9 celles li\u00e9es \u00e0 l&rsquo;obtention du permis de construire.<\/p>\n<p>Le projet, dont la r\u00e9alisation est pr\u00e9vue sur 18 mois, incarne la vision du pr\u00e9sident mauritanien en mati\u00e8re de modernisation du syst\u00e8me diplomatique du pays et d&rsquo;am\u00e9lioration des conditions de travail des missions diplomatiques mauritaniennes, en leur fournissant les moyens logistiques et humains n\u00e9cessaires, a-t-il conclu.<\/p>\n<p>Cet article <a rel=\"nofollow\" href=\"https:\/\/www.journalducameroun.com\/pose-de-la-premiere-pierre-du-nouveau-complexe-diplomatique-mauritanien-a-rabat\/\">Pose de la premi\u00e8re pierre du nouveau complexe diplomatique mauritanien \u00e0 Rabat<\/a> est apparu en premier sur <a rel=\"nofollow\" href=\"https:\/\/www.journalducameroun.com\/\">Journal du Cameroun<\/a>.<\/p>\n<\/div>\n<p>Auteur: APA News<br \/>\n<a href=\"https:\/\/www.journalducameroun.com\/pose-de-la-premiere-pierre-du-nouveau-complexe-diplomatique-mauritanien-a-rabat\/\">Cliquez ici pour lire l&rsquo;article depuis sa source.<\/a><\/p>\n","protected":false},"excerpt":{"rendered":"<p>La pose de la premi\u00e8re pierre pour la construction du nouveau complexe diplomatique de la R\u00e9publique islamique de Mauritanie au Maroc a eu lieu mardi \u00e0 Rabat, en pr\u00e9sence du ministre des marocain Affaires \u00e9trang\u00e8res, Nasser Bourita, son homologue mauritanien Isma\u00ebl Ould Cheikh Ahmed, nombre d&rsquo;ambassadeurs accr\u00e9dit\u00e9s au Maroc en plus des repr\u00e9sentants des institutions [&hellip;]<\/p>\n","protected":false},"author":1965,"featured_media":0,"comment_status":"closed","ping_status":"closed","sticky":false,"template":"","format":"standard","meta":{"fifu_image_url":"https:\/\/www.journalducameroun.com\/wp-content\/uploads\/2021\/09\/16328638825231.jpg","fifu_image_alt":"Pose de la premi\u00e8re pierre du nouveau complexe diplomatique mauritanien \u00e0 Rabat","footnotes":""},"categories":[73,82],"tags":[],"class_list":["post-128470","post","type-post","status-publish","format-standard","hentry","category-actualite","category-cameroun"],"_links":{"self":[{"href":"https:\/\/linitiative.ca\/International\/wp-json\/wp\/v2\/posts\/128470","targetHints":{"allow":["GET"]}}],"collection":[{"href":"https:\/\/linitiative.ca\/International\/wp-json\/wp\/v2\/posts"}],"about":[{"href":"https:\/\/linitiative.ca\/International\/wp-json\/wp\/v2\/types\/post"}],"author":[{"embeddable":true,"href":"https:\/\/linitiative.ca\/International\/wp-json\/wp\/v2\/users\/1965"}],"replies":[{"embeddable":true,"href":"https:\/\/linitiative.ca\/International\/wp-json\/wp\/v2\/comments?post=128470"}],"version-history":[{"count":0,"href":"https:\/\/linitiative.ca\/International\/wp-json\/wp\/v2\/posts\/128470\/revisions"}],"wp:attachment":[{"href":"https:\/\/linitiative.ca\/International\/wp-json\/wp\/v2\/media?parent=128470"}],"wp:term":[{"taxonomy":"category","embeddable":true,"href":"https:\/\/linitiative.ca\/International\/wp-json\/wp\/v2\/categories?post=128470"},{"taxonomy":"post_tag","embeddable":true,"href":"https:\/\/linitiative.ca\/International\/wp-json\/wp\/v2\/tags?post=128470"}],"curies":[{"name":"wp","href":"https:\/\/api.w.org\/{rel}","templated":true}]}}