{"id":128475,"date":"2021-09-28T10:09:00","date_gmt":"2021-09-28T14:09:00","guid":{"rendered":"https:\/\/linitiative.ca\/International\/lue-et-loapi-en-guerre-contre-les-medicaments-contrefaits\/"},"modified":"2021-09-28T10:09:00","modified_gmt":"2021-09-28T14:09:00","slug":"lue-et-loapi-en-guerre-contre-les-medicaments-contrefaits","status":"publish","type":"post","link":"https:\/\/linitiative.ca\/International\/lue-et-loapi-en-guerre-contre-les-medicaments-contrefaits\/","title":{"rendered":"L\u2019UE et l\u2019Oapi en guerre contre les m\u00e9dicaments contrefaits"},"content":{"rendered":"<div>\n<p>Selon le Dr Ngono Mballa Rose, expert en pharmacologie, le trafic des faux m\u00e9dicaments rapporte 25 fois plus que les trafics standards. L\u2019on comprend alors l\u2019int\u00e9r\u00eat et l\u2019opportunit\u00e9 de l\u2019atelier r\u00e9gional organis\u00e9 par AfrIpi (\u00ab Droits de Propri\u00e9t\u00e9 Intellectuelle et Innovation en Afrique \u00bb), en partenariat avec l\u2019Organisation de la propri\u00e9t\u00e9 intellectuelle (Oapi), sur la probl\u00e9matique des m\u00e9dicaments de qualit\u00e9 inf\u00e9rieure, contrefaisants et falsifi\u00e9s en Afrique. Les travaux qui ont d\u00e9marr\u00e9 ce 27 septembre et qui s\u2019ach\u00e8vent le 29 septembre prochain, verront la participation des experts des 17 pays membres de l\u2019Oapi, ainsi que les sp\u00e9cialistes des minist\u00e8res de la Sant\u00e9, des Services de Police, de la Douane, des universitaires. \u00a0<\/p>\n<p>Les participants vont alors explorer les meilleures pratiques, les outils juridiques ainsi que les m\u00e9canismes internationaux permettant d\u2019une part, de lutter efficacement contre la circulation des m\u00e9dicaments falsifi\u00e9s et d\u2019autre part, d\u2019encourager l\u2019\u00e9mergence d\u2019industries pharmaceutiques locales. \u00a0<\/p>\n<p><strong>Lire aussi : <a href=\"https:\/\/ecomatin.net\/import-substitution-des-exonerations-douanieres-pour-encourager-la-production-locale-de-medicament\/\">Import-substitution : des exon\u00e9rations douani\u00e8res pour encourager la production locale de m\u00e9dicament<\/a><\/strong><\/p>\n<p>L\u2019on entend par m\u00e9dicament de qualit\u00e9 inf\u00e9rieur, tout m\u00e9dicament n\u2019ayant pas re\u00e7u un aval l\u00e9gal pour se retrouver sur le march\u00e9. Les chiffres sur le faux m\u00e9dicament montrent que c\u2019est un march\u00e9 de pr\u00e8s de 200 milliards de dollars par an, dont 40% est fait en Afrique. Selon le cabinet comptable PricewaterhouseCoopers, la proportion de produits pharmaceutiques de contrefa\u00e7on dans les r\u00e9gions en d\u00e9veloppement, comme en Afrique, peut atteindre 70% du march\u00e9.<\/p>\n<p>Pour contrer cette prolif\u00e9ration, plusieurs initiatives ont vu le jour. Au sein de l\u2019Oapi par exemple a \u00e9t\u00e9 adopt\u00e9e l\u2019Initiative de Libreville visant le d\u00e9veloppement de la m\u00e9decine traditionnelle. A cela l\u2019on peut ajouter des subventions comme celle de l\u2019Union europ\u00e9enne. \u00ab\u00a0L\u2019UE aide l\u2019Organisation de la propri\u00e9t\u00e9 intellectuelle, avec un montant de 17 millions d\u2019euros, soit 12 milliards de Fcfa, dans le cadre de ses activit\u00e9s plus larges. Mais \u00e9galement la lutte contre le faux m\u00e9dicament, qui est un \u00e9l\u00e9ment important de cet exercice\u00bb, a d\u00e9clar\u00e9 Philippe Van Damne, chef de la D\u00e9l\u00e9gation de l\u2019UE au Cameroun. \u00a0<\/p>\n<p>A l\u2019\u00e9chelle nationale, le gouvernement a mis en \u0153uvre plusieurs m\u00e9canismes. \u00ab\u00a0Nous avons \u00e9labor\u00e9 un plan national de lutte contre le faux m\u00e9dicament. Nous avons un comit\u00e9 national multisectoriel de lutte, qui associe tous les minist\u00e8res partenaires, parce que la lutte contre le faux m\u00e9dicament n\u2019est pas l\u2019apanage du minist\u00e8re de la Sant\u00e9 publique tout seul. A cela s\u2019ajoute l\u2019autorit\u00e9 nationale de r\u00e9glementation pharmaceutique qui r\u00e8glemente ce secteur qu\u2019est le m\u00e9dicament\u00bb, confie le Dr Solange Kouakap, Inspecteur g\u00e9n\u00e9ral au minist\u00e8re de la Sant\u00e9 publique, repr\u00e9sentante du chef de ce d\u00e9partement minist\u00e9riel, pour l\u2019occasion. \u00a0<\/p>\n<p><strong>Lire aussi<\/strong> : <strong><a href=\"https:\/\/ecomatin.net\/saisie-de-2-300-cartons-de-medicaments-par-les-agents-de-la-douane-dans-la-region-de-lest\/\">Saisie de 2 300 cartons de m\u00e9dicaments par les agents de la douane dans la r\u00e9gion de l\u2019Est<\/a><\/strong><\/p>\n<p><strong>Propri\u00e9t\u00e9 intellectuelle et croissance<\/strong>\u00a0\u00a0<\/p>\n<p>Selon l\u2019organisateur de l\u2019\u00e9v\u00e8nement AfrIpi, il est question aussi \u00e0 travers cette rencontre de \u00ab\u00a0renforcer les droits de la propri\u00e9t\u00e9 intellectuelle en Afrique. C\u2019est-\u00e0-dire, faire augmenter la conscience sur les droits de la propri\u00e9t\u00e9 intellectuelle comme d\u00e9clencheur d\u2019une croissance \u00e9conomique. Car il est important \u00a0pour les entreprises, m\u00eame les PME, d\u2019utiliser la propri\u00e9t\u00e9 intellectuelle. Nous voulons aider \u00e0 capacit\u00e9 des institutions sur l\u2019utilisation de la propri\u00e9t\u00e9 intellectuelle\u00a0; surtout en ce moment o\u00f9 l\u2019on veut ouvrir le march\u00e9 commun africain\u00a0\u00bb, confie Gr\u00e9gor Schneider, Chef de projet adjoint, AfrIpi. \u00a0<\/p>\n<p>Le Projet AfrIpi, est le projet pilote de coop\u00e9ration en mati\u00e8re de propri\u00e9t\u00e9 intellectuelle (PI), financ\u00e9 par l\u2019Union Europ\u00e9enne et mise en \u0153uvre par l\u2019Office de l\u2019Union Europ\u00e9enne pour la Propri\u00e9t\u00e9 Intellectuelle, Euipo.<\/p>\n<p><strong>Lire aussi :<\/strong> <strong><a href=\"https:\/\/ecomatin.net\/le-mincommerce-en-guerre-contre-linflation-des-prix-des-produits-pharmaceutiques\/\">Le Mincommerce en guerre contre l\u2019inflation des prix des produits pharmaceutiques<\/a><\/strong><\/p>\n<p>L\u2019article <a rel=\"nofollow\" href=\"https:\/\/ecomatin.net\/lue-et-loapi-en-guerre-contre-les-medicaments-contrefaits\/\">L\u2019UE et l\u2019Oapi en guerre contre les m\u00e9dicaments contrefaits<\/a> est apparu en premier sur <a rel=\"nofollow\" href=\"https:\/\/ecomatin.net\/\">EcoMatin<\/a>.<\/p>\n<\/div>\n<p>Auteur: Cindy MBALA<br \/>\n<a href=\"https:\/\/ecomatin.net\/lue-et-loapi-en-guerre-contre-les-medicaments-contrefaits\/\">Cliquez ici pour lire l&rsquo;article depuis sa source.<\/a><\/p>\n","protected":false},"excerpt":{"rendered":"<p>Selon le Dr Ngono Mballa Rose, expert en pharmacologie, le trafic des faux m\u00e9dicaments rapporte 25 fois plus que les trafics standards. L\u2019on comprend alors l\u2019int\u00e9r\u00eat et l\u2019opportunit\u00e9 de l\u2019atelier r\u00e9gional organis\u00e9 par AfrIpi (\u00ab Droits de Propri\u00e9t\u00e9 Intellectuelle et Innovation en Afrique \u00bb), en partenariat avec l\u2019Organisation de la propri\u00e9t\u00e9 intellectuelle (Oapi), sur la [&hellip;]<\/p>\n","protected":false},"author":1969,"featured_media":0,"comment_status":"closed","ping_status":"closed","sticky":false,"template":"","format":"standard","meta":{"fifu_image_url":"","fifu_image_alt":"","footnotes":""},"categories":[82,78],"tags":[],"class_list":["post-128475","post","type-post","status-publish","format-standard","hentry","category-cameroun","category-economie"],"_links":{"self":[{"href":"https:\/\/linitiative.ca\/International\/wp-json\/wp\/v2\/posts\/128475","targetHints":{"allow":["GET"]}}],"collection":[{"href":"https:\/\/linitiative.ca\/International\/wp-json\/wp\/v2\/posts"}],"about":[{"href":"https:\/\/linitiative.ca\/International\/wp-json\/wp\/v2\/types\/post"}],"author":[{"embeddable":true,"href":"https:\/\/linitiative.ca\/International\/wp-json\/wp\/v2\/users\/1969"}],"replies":[{"embeddable":true,"href":"https:\/\/linitiative.ca\/International\/wp-json\/wp\/v2\/comments?post=128475"}],"version-history":[{"count":0,"href":"https:\/\/linitiative.ca\/International\/wp-json\/wp\/v2\/posts\/128475\/revisions"}],"wp:attachment":[{"href":"https:\/\/linitiative.ca\/International\/wp-json\/wp\/v2\/media?parent=128475"}],"wp:term":[{"taxonomy":"category","embeddable":true,"href":"https:\/\/linitiative.ca\/International\/wp-json\/wp\/v2\/categories?post=128475"},{"taxonomy":"post_tag","embeddable":true,"href":"https:\/\/linitiative.ca\/International\/wp-json\/wp\/v2\/tags?post=128475"}],"curies":[{"name":"wp","href":"https:\/\/api.w.org\/{rel}","templated":true}]}}