{"id":128476,"date":"2021-09-28T13:50:20","date_gmt":"2021-09-28T17:50:20","guid":{"rendered":"https:\/\/linitiative.ca\/International\/telephonie-camtel-et-mtn-mettent-sur-pied-un-service-de-roaming-national\/"},"modified":"2021-09-28T13:50:20","modified_gmt":"2021-09-28T17:50:20","slug":"telephonie-camtel-et-mtn-mettent-sur-pied-un-service-de-roaming-national","status":"publish","type":"post","link":"https:\/\/linitiative.ca\/International\/telephonie-camtel-et-mtn-mettent-sur-pied-un-service-de-roaming-national\/","title":{"rendered":"T\u00e9l\u00e9phonie : Camtel et MTN mettent sur pied un service de roaming national"},"content":{"rendered":"<div>\n<p>Le secteur de la t\u00e9l\u00e9phonie mobile, vient de s\u2019enrichir d\u2019une nouvelle fonctionnalit\u00e9. Il s\u2019agit ici de la solution \u2018\u2018Local Roaming\u2019\u2019, n\u00e9e de la coop\u00e9ration entre la\u00a0Cameroon Telecommunications\u00a0(Camtel) et MTN Cameroon. Pour marquer le coup, Camtel repr\u00e9sent\u00e9 par son\u00a0Directeur g\u00e9n\u00e9ral Judith Yah Sunday \u00e9pse Achidi\u00a0et MTN Cameroon, repr\u00e9sent\u00e9 par son homologue\u00a0Stephen Blewett\u00a0ont proc\u00e9d\u00e9 ce 28 septembre 2021, \u00e0\u00a0la signature du protocole d\u2019accord sur la mise en \u0153uvre des services d\u2019itin\u00e9rance nationale. Il est question \u00e0 travers ce protocole d\u2019accord, qu\u2019un abonn\u00e9 de Camtel puisse switcher automatiquement sur le r\u00e9seau partenaire et de continuer de b\u00e9n\u00e9ficier \u00e0 partir de leur carte SIM Camtel, des services tels que l\u2019envoi et la r\u00e9ception des SMS nationaux et internationaux, l\u2019\u00e9mission et la r\u00e9ception d\u2019appels nationaux et internationaux, l\u2019acc\u00e8s \u00e0 Internet.\u00a0<\/p>\n<p><strong>Lire aussi :<\/strong> <strong><a href=\"https:\/\/ecomatin.net\/camtel-sollicite-lexpertise-de-mtn-pour-commercialiser-la-fibre-optique-au-cameroun-et-dans-la-cemac\/\">Camtel sollicite l\u2019expertise de MTN pour commercialiser la fibre optique au Cameroun et dans la Cemac<\/a><\/strong><\/p>\n<p>\u00ab\u00a0C\u2019est un acte suppl\u00e9mentaire qui d\u00e9montre l\u2019engagement de MTN \u00e0 contribuer au d\u00e9veloppement du secteur des t\u00e9l\u00e9communications au Cameroun. Nous lan\u00e7ons ainsi un Roaming national, pour assurer \u00e0 tous les Camerounais d\u00e9tenteurs d\u2019une carte SIM, de demeurer joignable sur l\u2019\u00e9tendue du territoire\u00a0\u00bb, a d\u00e9clar\u00e9 Stephen Blewett.\u00a0 Pour la g\u00e9rante de Camtel \u00ab\u00a0Le Local Roaming est une forme de partage d\u2019infrastructure utilis\u00e9e de plus en plus par les Op\u00e9rateurs de T\u00e9l\u00e9phonie Mobile dans le monde afin de se donner les moyens d\u2019assurer une couverture rapide du territoire. De ce fait, notre strat\u00e9gie de pr\u00e9sence et densification du territoire sera bas\u00e9e entre autres sur le Local Roaming \u00e0 travers le r\u00e9seau de notre partenaire MTN dans les zones ou le r\u00e9seau CAMTEL n\u2019est pas encore disponible afin de fournir un service de qualit\u00e9 aux abonn\u00e9s CAMTEL\u00bb, confie Yudith Achidi Yah Sunday.<\/p>\n<p><strong>Lire aussi :<\/strong> <strong><a href=\"https:\/\/ecomatin.net\/services-internet-mtn-cameroon-retrocedee-ses-gros-clients-internet-a-camtel\/\">Services internet : MTN Cameroon r\u00e9troc\u00e8de ses \u00ab gros clients internet \u00bb \u00e0 Camtel<\/a><\/strong><\/p>\n<p>L\u2019on pourrait voir \u00e0 travers cette action un autre pas vers le processus de roaming dans lequel le Cameroun est impliqu\u00e9 dans la sous-r\u00e9gion Afrique centrale. Le projet en question envisage la suspension des frais d\u2019appels t\u00e9l\u00e9phonique vers les diff\u00e9rents pays membres de la Cemac.<\/p>\n<p><strong>Lire aussi :<\/strong> <strong><a href=\"https:\/\/ecomatin.net\/telephonie-mobile-camtel-sassocient-a-24-distributeurs-s-pour-la-disponibilite-des-produits-blue\/\">T\u00e9l\u00e9phonie mobile : Camtel s\u2019associent \u00e0 24 distributeurs pour la disponibilit\u00e9 des produits Blue<\/a><\/strong><\/p>\n<p>L\u2019article <a rel=\"nofollow\" href=\"https:\/\/ecomatin.net\/telephonie-camtel-et-mtn-mettent-sur-pied-un-service-de-roamingg-national\/\">T\u00e9l\u00e9phonie : Camtel et MTN mettent sur pied un service de roaming national<\/a> est apparu en premier sur <a rel=\"nofollow\" href=\"https:\/\/ecomatin.net\/\">EcoMatin<\/a>.<\/p>\n<\/div>\n<p>Auteur: Cindy MBALA<br \/>\n<a href=\"https:\/\/ecomatin.net\/telephonie-camtel-et-mtn-mettent-sur-pied-un-service-de-roamingg-national\/\">Cliquez ici pour lire l&rsquo;article depuis sa source.<\/a><\/p>\n","protected":false},"excerpt":{"rendered":"<p>Le secteur de la t\u00e9l\u00e9phonie mobile, vient de s\u2019enrichir d\u2019une nouvelle fonctionnalit\u00e9. Il s\u2019agit ici de la solution \u2018\u2018Local Roaming\u2019\u2019, n\u00e9e de la coop\u00e9ration entre la\u00a0Cameroon Telecommunications\u00a0(Camtel) et MTN Cameroon. Pour marquer le coup, Camtel repr\u00e9sent\u00e9 par son\u00a0Directeur g\u00e9n\u00e9ral Judith Yah Sunday \u00e9pse Achidi\u00a0et MTN Cameroon, repr\u00e9sent\u00e9 par son homologue\u00a0Stephen Blewett\u00a0ont proc\u00e9d\u00e9 ce 28 septembre [&hellip;]<\/p>\n","protected":false},"author":1969,"featured_media":0,"comment_status":"closed","ping_status":"closed","sticky":false,"template":"","format":"standard","meta":{"fifu_image_url":"","fifu_image_alt":"","footnotes":""},"categories":[82,78],"tags":[],"class_list":["post-128476","post","type-post","status-publish","format-standard","hentry","category-cameroun","category-economie"],"_links":{"self":[{"href":"https:\/\/linitiative.ca\/International\/wp-json\/wp\/v2\/posts\/128476","targetHints":{"allow":["GET"]}}],"collection":[{"href":"https:\/\/linitiative.ca\/International\/wp-json\/wp\/v2\/posts"}],"about":[{"href":"https:\/\/linitiative.ca\/International\/wp-json\/wp\/v2\/types\/post"}],"author":[{"embeddable":true,"href":"https:\/\/linitiative.ca\/International\/wp-json\/wp\/v2\/users\/1969"}],"replies":[{"embeddable":true,"href":"https:\/\/linitiative.ca\/International\/wp-json\/wp\/v2\/comments?post=128476"}],"version-history":[{"count":0,"href":"https:\/\/linitiative.ca\/International\/wp-json\/wp\/v2\/posts\/128476\/revisions"}],"wp:attachment":[{"href":"https:\/\/linitiative.ca\/International\/wp-json\/wp\/v2\/media?parent=128476"}],"wp:term":[{"taxonomy":"category","embeddable":true,"href":"https:\/\/linitiative.ca\/International\/wp-json\/wp\/v2\/categories?post=128476"},{"taxonomy":"post_tag","embeddable":true,"href":"https:\/\/linitiative.ca\/International\/wp-json\/wp\/v2\/tags?post=128476"}],"curies":[{"name":"wp","href":"https:\/\/api.w.org\/{rel}","templated":true}]}}