{"id":128477,"date":"2021-09-28T14:38:00","date_gmt":"2021-09-28T18:38:00","guid":{"rendered":"https:\/\/linitiative.ca\/International\/marche-financier-brice-beumo-beko-capital-veut-creer-une-plateforme-pour-dynamiser-le-marche-secondaire-de-la-bourse\/"},"modified":"2021-09-28T14:38:00","modified_gmt":"2021-09-28T18:38:00","slug":"marche-financier-brice-beumo-beko-capital-veut-creer-une-plateforme-pour-dynamiser-le-marche-secondaire-de-la-bourse","status":"publish","type":"post","link":"https:\/\/linitiative.ca\/International\/marche-financier-brice-beumo-beko-capital-veut-creer-une-plateforme-pour-dynamiser-le-marche-secondaire-de-la-bourse\/","title":{"rendered":"March\u00e9 financier : Brice Beumo (Beko Capital) veut cr\u00e9er une plateforme pour dynamiser le march\u00e9 secondaire de la bourse"},"content":{"rendered":"<div>\n<p>C\u2019est peut-\u00eatre le coup de pouce qui viendra relever le niveau de transactions sur le march\u00e9 secondaire de la bourse unifi\u00e9 sous r\u00e9gionale. Agr\u00e9e le 28 juillet dernier par la Cosumaf, Beko Capital Advisory SA entend pleinement jouer sa partition dans le renouveau du march\u00e9 financier de l\u2019Afrique Centrale. Et pour y parvenir, Brice Beumo, Administrateur Directeur G\u00e9n\u00e9ral de la soci\u00e9t\u00e9 envisage la mise sur pied d\u2019une plateforme d\u2019interaction entre cessionnaires et investisseurs sur valeurs mobili\u00e8res.<\/p>\n<p><strong>Lire aussi<\/strong> : <strong><a href=\"https:\/\/ecomatin.net\/marche-financier-lage-dor-des-s-intermediaires-camerounais\/\">March\u00e9 financier : l\u2019\u00e2ge d\u2019or des interm\u00e9diaires camerounais<\/a><\/strong><\/p>\n<p>\u00ab Ce que nous voulons faire est in\u00e9dit sur notre march\u00e9. Jusqu\u2019ici certains pensent que la bourse se termine sur le march\u00e9 primaire o\u00f9 on acquiert des titres et attends la maturit\u00e9 ou les dividendes. Cet \u00e9tat de chose prosp\u00e8re parce que nous n\u2019avons pas v\u00e9ritablement de plateforme d\u2019\u00e9change. L\u2019une de mes principales strat\u00e9gies c\u2019est de cr\u00e9er une plateforme pour permettre l\u2019\u00e9change des titres sur le march\u00e9 secondaire \u00bb a expliqu\u00e9 Brice Beumo joint par EcoMatin.<\/p>\n<p><strong>Lire aussi<\/strong> : <strong><a href=\"https:\/\/ecomatin.net\/le-marche-financier-de-la-cemac-accueille-trois-nouvelles-societes-de-gestion-de-portefeuille\/\">Le march\u00e9 financier de la Cemac accueille trois nouvelles soci\u00e9t\u00e9s de gestion de portefeuille<\/a><\/strong><\/p>\n<p>Sur un march\u00e9 financier tr\u00e8s peu dynamique domin\u00e9 faibles sorties, cette plateforme devrait int\u00e9resser davantage le grand public sur les opportunit\u00e9s d\u2019investissements. Aussi, l\u2019ex directeur General de LCB Capital envisage-t-il \u00e9tendre ses services sur le march\u00e9 mon\u00e9taire o\u00f9 il entend obtenir un agr\u00e9ment de sp\u00e9cialiste en valeur du Tr\u00e9sor.<\/p>\n<p><strong>Lire aussi<\/strong> : <strong><a href=\"https:\/\/ecomatin.net\/le-marche-financier-de-la-cemac-accueille-trois-nouvelles-societes-de-gestion-de-portefeuille\/\">Le march\u00e9 financier de la Cemac accueille trois nouvelles soci\u00e9t\u00e9s de gestion de portefeuille<\/a><\/strong><\/p>\n<p>Titulaire d\u2019un Master of Arts in International Business and Administration obtenu \u00e0 l\u2019Universit\u00e9 de Westminster (UK), Brice veut que Beko Capital Advisory SA exerce dans le respect des standards et des normes de la finance internationale. La soci\u00e9t\u00e9 s\u2019est dot\u00e9e d\u2019un conseil d\u2019administration avec des pointures \u00e0 l\u2019instar de Alan Apter, ancien directeur g\u00e9n\u00e9ral de Morgan Stanley CEEMA et Phillipe Cohen, ancien de BNP Paribas, trader de commodities reconnu sur la place de Gen\u00e8ve.<\/p>\n<p>L\u2019article <a rel=\"nofollow\" href=\"https:\/\/ecomatin.net\/marche-financier-brice-beumo-beko-capital-veut-creer-une-plateforme-pour-dynamiser-le-marche-secondaire-de-la-bourse\/\">March\u00e9 financier : Brice Beumo (Beko Capital) veut cr\u00e9er une plateforme pour dynamiser le march\u00e9 secondaire de la bourse<\/a> est apparu en premier sur <a rel=\"nofollow\" href=\"https:\/\/ecomatin.net\/\">EcoMatin<\/a>.<\/p>\n<\/div>\n<p>Auteur: Cedrick JIONGO<br \/>\n<a href=\"https:\/\/ecomatin.net\/marche-financier-brice-beumo-beko-capital-veut-creer-une-plateforme-pour-dynamiser-le-marche-secondaire-de-la-bourse\/\">Cliquez ici pour lire l&rsquo;article depuis sa source.<\/a><\/p>\n","protected":false},"excerpt":{"rendered":"<p>C\u2019est peut-\u00eatre le coup de pouce qui viendra relever le niveau de transactions sur le march\u00e9 secondaire de la bourse unifi\u00e9 sous r\u00e9gionale. Agr\u00e9e le 28 juillet dernier par la Cosumaf, Beko Capital Advisory SA entend pleinement jouer sa partition dans le renouveau du march\u00e9 financier de l\u2019Afrique Centrale. Et pour y parvenir, Brice Beumo, [&hellip;]<\/p>\n","protected":false},"author":1969,"featured_media":0,"comment_status":"closed","ping_status":"closed","sticky":false,"template":"","format":"standard","meta":{"fifu_image_url":"","fifu_image_alt":"","footnotes":""},"categories":[82,78],"tags":[],"class_list":["post-128477","post","type-post","status-publish","format-standard","hentry","category-cameroun","category-economie"],"_links":{"self":[{"href":"https:\/\/linitiative.ca\/International\/wp-json\/wp\/v2\/posts\/128477","targetHints":{"allow":["GET"]}}],"collection":[{"href":"https:\/\/linitiative.ca\/International\/wp-json\/wp\/v2\/posts"}],"about":[{"href":"https:\/\/linitiative.ca\/International\/wp-json\/wp\/v2\/types\/post"}],"author":[{"embeddable":true,"href":"https:\/\/linitiative.ca\/International\/wp-json\/wp\/v2\/users\/1969"}],"replies":[{"embeddable":true,"href":"https:\/\/linitiative.ca\/International\/wp-json\/wp\/v2\/comments?post=128477"}],"version-history":[{"count":0,"href":"https:\/\/linitiative.ca\/International\/wp-json\/wp\/v2\/posts\/128477\/revisions"}],"wp:attachment":[{"href":"https:\/\/linitiative.ca\/International\/wp-json\/wp\/v2\/media?parent=128477"}],"wp:term":[{"taxonomy":"category","embeddable":true,"href":"https:\/\/linitiative.ca\/International\/wp-json\/wp\/v2\/categories?post=128477"},{"taxonomy":"post_tag","embeddable":true,"href":"https:\/\/linitiative.ca\/International\/wp-json\/wp\/v2\/tags?post=128477"}],"curies":[{"name":"wp","href":"https:\/\/api.w.org\/{rel}","templated":true}]}}