{"id":128480,"date":"2021-09-29T06:29:47","date_gmt":"2021-09-29T10:29:47","guid":{"rendered":"https:\/\/linitiative.ca\/International\/tanger-demantelement-dune-bande-de-cambrioleurs-des-appartements\/"},"modified":"2021-09-29T06:29:47","modified_gmt":"2021-09-29T10:29:47","slug":"tanger-demantelement-dune-bande-de-cambrioleurs-des-appartements","status":"publish","type":"post","link":"https:\/\/linitiative.ca\/International\/tanger-demantelement-dune-bande-de-cambrioleurs-des-appartements\/","title":{"rendered":"Tanger : D\u00e9mant\u00e8lement d\u2019une bande de cambrioleurs des appartements"},"content":{"rendered":"<div>\n<p><img decoding=\"async\" width=\"300\" height=\"153\" src=\"https:\/\/linitiative.ca\/International\/wp-content\/uploads\/sites\/23\/2021\/09\/arrestation-300x153-1.jpg\" class=\"attachment-medium size-medium wp-post-image\" alt=\"\" loading=\"lazy\" srcset=\"\/\/aujourdhui.ma\/wp-content\/uploads\/2021\/08\/arrestation-300x153.jpg 300w, \/\/aujourdhui.ma\/wp-content\/uploads\/2021\/08\/arrestation-274x140.jpg 274w, \/\/aujourdhui.ma\/wp-content\/uploads\/2021\/08\/arrestation.jpg 746w, \/\/aujourdhui.ma\/wp-content\/uploads\/2021\/08\/arrestation-165x84.jpg 165w, \/\/aujourdhui.ma\/wp-content\/uploads\/2021\/08\/arrestation-702x358.jpg 702w\" sizes=\"auto, (max-width: 300px) 100vw, 300px\"><\/p>\n<p><span style=\"color: #800000;\"><strong>A Tanger, deux cambrioleurs d\u2019appartements dont l\u2019un est un repris de justice ont \u00e9t\u00e9 mis, dimanche dernier, hors d\u2019\u00e9tat de nuire par les \u00e9l\u00e9ments de la police judiciaire relevant de la pr\u00e9fecture de la S\u00fbret\u00e9 de la ville, apprend-on d\u2019un communiqu\u00e9 rendu public par la S\u00fbret\u00e9 de la ville du d\u00e9troit.<\/strong><\/span><span id=\"more-387874\"><\/span><\/p>\n<p>En effet, toujours selon la m\u00eame source, les deux cambrioleurs dont l\u2019un est de nationalit\u00e9 \u00e9trang\u00e8re se trouvant au Maroc dans une situation irr\u00e9guli\u00e8re et faisant l\u2019objet d\u2019une note lui interdisant d\u2019entrer sur le territoire national, ont \u00e9t\u00e9 arr\u00eat\u00e9s \u00e0 l\u2019int\u00e9rieur d\u2019un complexe r\u00e9sidentiel situ\u00e9 au quartier du Tanger Al Balia. La perquisition effectu\u00e9e chez les deux malfrats a \u00e9t\u00e9 sold\u00e9e par la saisie de sommes d\u2019argent en devises et en monnaie nationale, des bijoux et des smartphones ainsi qu\u2019une quantit\u00e9 de chira et des armes blanches.<\/p>\n<\/div>\n<p>Auteur: Abderrafii ALOUMLIKI<br \/>\n<a href=\"https:\/\/aujourdhui.ma\/faits-divers\/tanger-demantelement-dune-bande-de-cambrioleurs-des-appartements\">Cliquez ici pour lire l&rsquo;article depuis sa source.<\/a><\/p>\n","protected":false},"excerpt":{"rendered":"<p>A Tanger, deux cambrioleurs d\u2019appartements dont l\u2019un est un repris de justice ont \u00e9t\u00e9 mis, dimanche dernier, hors d\u2019\u00e9tat de nuire par les \u00e9l\u00e9ments de la police judiciaire relevant de la pr\u00e9fecture de la S\u00fbret\u00e9 de la ville, apprend-on d\u2019un communiqu\u00e9 rendu public par la S\u00fbret\u00e9 de la ville du d\u00e9troit. En effet, toujours selon [&hellip;]<\/p>\n","protected":false},"author":1759,"featured_media":0,"comment_status":"closed","ping_status":"closed","sticky":false,"template":"","format":"standard","meta":{"fifu_image_url":"https:\/\/aujourdhui.ma\/wp-content\/uploads\/2021\/08\/arrestation-300x153.jpg","fifu_image_alt":"Tanger : D\u00e9mant\u00e8lement d\u2019une bande de cambrioleurs des appartements","footnotes":""},"categories":[73,54],"tags":[],"class_list":["post-128480","post","type-post","status-publish","format-standard","hentry","category-actualite","category-maroc"],"_links":{"self":[{"href":"https:\/\/linitiative.ca\/International\/wp-json\/wp\/v2\/posts\/128480","targetHints":{"allow":["GET"]}}],"collection":[{"href":"https:\/\/linitiative.ca\/International\/wp-json\/wp\/v2\/posts"}],"about":[{"href":"https:\/\/linitiative.ca\/International\/wp-json\/wp\/v2\/types\/post"}],"author":[{"embeddable":true,"href":"https:\/\/linitiative.ca\/International\/wp-json\/wp\/v2\/users\/1759"}],"replies":[{"embeddable":true,"href":"https:\/\/linitiative.ca\/International\/wp-json\/wp\/v2\/comments?post=128480"}],"version-history":[{"count":0,"href":"https:\/\/linitiative.ca\/International\/wp-json\/wp\/v2\/posts\/128480\/revisions"}],"wp:attachment":[{"href":"https:\/\/linitiative.ca\/International\/wp-json\/wp\/v2\/media?parent=128480"}],"wp:term":[{"taxonomy":"category","embeddable":true,"href":"https:\/\/linitiative.ca\/International\/wp-json\/wp\/v2\/categories?post=128480"},{"taxonomy":"post_tag","embeddable":true,"href":"https:\/\/linitiative.ca\/International\/wp-json\/wp\/v2\/tags?post=128480"}],"curies":[{"name":"wp","href":"https:\/\/api.w.org\/{rel}","templated":true}]}}