{"id":128495,"date":"2021-09-29T06:27:24","date_gmt":"2021-09-29T10:27:24","guid":{"rendered":"https:\/\/linitiative.ca\/International\/previsions-meteorologiques-pour-le-jeudi-30-septembre-2021\/"},"modified":"2021-09-29T06:27:24","modified_gmt":"2021-09-29T10:27:24","slug":"previsions-meteorologiques-pour-le-jeudi-30-septembre-2021","status":"publish","type":"post","link":"https:\/\/linitiative.ca\/International\/previsions-meteorologiques-pour-le-jeudi-30-septembre-2021\/","title":{"rendered":"Pr\u00e9visions m\u00e9t\u00e9orologiques pour le jeudi 30 septembre 2021"},"content":{"rendered":"<div>\n<div style=\"margin-bottom:20px;\"><img loading=\"lazy\" decoding=\"async\" width=\"750\" height=\"430\" src=\"https:\/\/linitiative.ca\/International\/wp-content\/uploads\/sites\/23\/2021\/09\/soleil-2-2-1.jpg\" class=\"attachment-post-thumbnail size-post-thumbnail wp-post-image\" alt=\"\" srcset=\"https:\/\/linitiative.ca\/International\/wp-content\/uploads\/sites\/23\/2021\/09\/soleil-2-2-1.jpg 750w, http:\/\/www.mapmarrakech.ma\/map\/uploads\/2021\/09\/soleil-2-2-300x172.jpg 300w\" sizes=\"auto, (max-width: 750px) 100vw, 750px\"><\/div>\n<p>\u2013 Temps chaud sur le centre, le sud et les r\u00e9gions \u00e0 l\u2019ouest de l\u2019Atlas et assez chaud sur le reste des plaines int\u00e9rieures et l\u2019extr\u00eame sud-est.<\/p>\n<p>\u2013 Formations brumeuses matinales et nocturnes par endroits sur les c\u00f4tes et le nord de l\u2019oriental.<\/p>\n<p>\u2013 Ond\u00e9es \u00e9parses et orages isol\u00e9s sur le haut et le moyen Atlas, les plateaux des phosphates et d\u2019oulm\u00e8s et \u00e9galement sur les hauts plateaux orientaux.<\/p>\n<p>\u2013 Bruines \u00e9parses sur la m\u00e9diterran\u00e9e.<\/p>\n<p>\u2013 Quelques chasse-sables par endroits sur les provinces sud.<\/p>\n<p>\u2013 Vent mod\u00e9r\u00e9 \u00e0 parfois assez fort d\u2019est sur le tang\u00e9rois, mod\u00e9r\u00e9 de nord sur les c\u00f4tes centre et sud et faible \u00e0 mod\u00e9r\u00e9 de sud sur le sud-est et les hauts plateaux orientaux et de nord \u00e0 variable ailleurs.<\/p>\n<p>\u2013 Temp\u00e9ratures minimales de l\u2019ordre de 08\/14\u00b0c sur l\u2019Atlas et le rif, 22\/28\u00b0c sur l\u2019est et le sud des provinces sahariennes et le sud-est, 20\/24\u00b0c sur les r\u00e9gions \u00e0 l\u2019ouest de l\u2019Atlas et le Saiss et de 15\/20\u00b0c ailleurs.<\/p>\n<p>\u2013 Temp\u00e9ratures maximales de l\u2019ordre de 37\/43\u00b0c sur le sud, le Souss, les plaines \u00e0 l\u2019ouest de l\u2019Atlas et l\u2019extr\u00eame sud-est, 33\/39\u00b0c sur l\u2019ouest du Saiss, le reste des r\u00e9gions int\u00e9rieures, les versants sud-est et l\u2019extr\u00eame sud de l\u2019oriental, 27\/33\u00b0c sur le nord de l\u2019oriental et les plaines atlantiques et de 22\/29\u00b0c sur le reste du pays.<\/p>\n<p>\u2013 Mer belle \u00e0 peu agit\u00e9e sur la m\u00e9diterran\u00e9e, peu agit\u00e9e \u00e0 agit\u00e9e sur le d\u00e9troit et entre Cap Spartel et Mehdia et agit\u00e9e \u00e0 forte ailleurs.<\/p>\n<p>The post <a rel=\"nofollow\" href=\"http:\/\/www.mapmarrakech.ma\/fr\/previsions-meteorologiques-pour-le-jeudi-30-septembre-2021\/\">Pr\u00e9visions m\u00e9t\u00e9orologiques pour le jeudi 30 septembre 2021<\/a> appeared first on <a rel=\"nofollow\" href=\"http:\/\/www.mapmarrakech.ma\/fr\">MapMarrakech<\/a>.<\/p>\n<\/div>\n<p>Auteur: Meriem IGASS<br \/>\n<a href=\"http:\/\/www.mapmarrakech.ma\/fr\/previsions-meteorologiques-pour-le-jeudi-30-septembre-2021\/\">Cliquez ici pour lire l&rsquo;article depuis sa source.<\/a><\/p>\n","protected":false},"excerpt":{"rendered":"<p>\u2013 Temps chaud sur le centre, le sud et les r\u00e9gions \u00e0 l\u2019ouest de l\u2019Atlas et assez chaud sur le reste des plaines int\u00e9rieures et l\u2019extr\u00eame sud-est. \u2013 Formations brumeuses matinales et nocturnes par endroits sur les c\u00f4tes et le nord de l\u2019oriental. \u2013 Ond\u00e9es \u00e9parses et orages isol\u00e9s sur le haut et le moyen [&hellip;]<\/p>\n","protected":false},"author":1788,"featured_media":0,"comment_status":"closed","ping_status":"closed","sticky":false,"template":"","format":"standard","meta":{"fifu_image_url":"http:\/\/www.mapmarrakech.ma\/map\/uploads\/2021\/09\/soleil-2-2.jpg","fifu_image_alt":"Pr\u00e9visions m\u00e9t\u00e9orologiques pour le jeudi 30 septembre 2021","footnotes":""},"categories":[54,76],"tags":[],"class_list":["post-128495","post","type-post","status-publish","format-standard","hentry","category-maroc","category-regions"],"_links":{"self":[{"href":"https:\/\/linitiative.ca\/International\/wp-json\/wp\/v2\/posts\/128495","targetHints":{"allow":["GET"]}}],"collection":[{"href":"https:\/\/linitiative.ca\/International\/wp-json\/wp\/v2\/posts"}],"about":[{"href":"https:\/\/linitiative.ca\/International\/wp-json\/wp\/v2\/types\/post"}],"author":[{"embeddable":true,"href":"https:\/\/linitiative.ca\/International\/wp-json\/wp\/v2\/users\/1788"}],"replies":[{"embeddable":true,"href":"https:\/\/linitiative.ca\/International\/wp-json\/wp\/v2\/comments?post=128495"}],"version-history":[{"count":0,"href":"https:\/\/linitiative.ca\/International\/wp-json\/wp\/v2\/posts\/128495\/revisions"}],"wp:attachment":[{"href":"https:\/\/linitiative.ca\/International\/wp-json\/wp\/v2\/media?parent=128495"}],"wp:term":[{"taxonomy":"category","embeddable":true,"href":"https:\/\/linitiative.ca\/International\/wp-json\/wp\/v2\/categories?post=128495"},{"taxonomy":"post_tag","embeddable":true,"href":"https:\/\/linitiative.ca\/International\/wp-json\/wp\/v2\/tags?post=128495"}],"curies":[{"name":"wp","href":"https:\/\/api.w.org\/{rel}","templated":true}]}}