{"id":128497,"date":"2021-09-29T08:57:34","date_gmt":"2021-09-29T12:57:34","guid":{"rendered":"https:\/\/linitiative.ca\/International\/m-mustapha-chouabi-un-elu-engage-pour-changer-limage-du-handicap\/"},"modified":"2021-09-29T08:57:34","modified_gmt":"2021-09-29T12:57:34","slug":"m-mustapha-chouabi-un-elu-engage-pour-changer-limage-du-handicap","status":"publish","type":"post","link":"https:\/\/linitiative.ca\/International\/m-mustapha-chouabi-un-elu-engage-pour-changer-limage-du-handicap\/","title":{"rendered":"M. Mustapha Chouabi, un \u00e9lu engag\u00e9 pour changer l\u2019image du handicap"},"content":{"rendered":"<div>\n<div style=\"margin-bottom:20px;\"><img loading=\"lazy\" decoding=\"async\" width=\"750\" height=\"430\" src=\"https:\/\/linitiative.ca\/International\/wp-content\/uploads\/sites\/23\/2021\/09\/Mustapha-choubi-sidi-chiker-conseil-comm-copier.jpg\" class=\"attachment-post-thumbnail size-post-thumbnail wp-post-image\" alt=\"\" srcset=\"https:\/\/linitiative.ca\/International\/wp-content\/uploads\/sites\/23\/2021\/09\/Mustapha-choubi-sidi-chiker-conseil-comm-copier.jpg 750w, http:\/\/www.mapmarrakech.ma\/map\/uploads\/2021\/09\/Mustapha-choubi-sidi-chiker-conseil-comm-copier-300x172.jpg 300w\" sizes=\"auto, (max-width: 750px) 100vw, 750px\"><\/div>\n<p>Portant les couleurs du Parti Authenticit\u00e9 et Modernit\u00e9 (PAM), M. Chouabi n\u2019h\u00e9site gu\u00e8re \u00e0 rappeler que le handicap, qui \u00ab\u00a0n\u2019est pas une d\u00e9ficience de l\u2019\u00e2me et du c\u0153ur\u00a0\u00bb, est le grand absent des institutions et des formations politiques, appelant les partis politiques et le pouvoirs publics \u00e0 tendre la main aux personnes \u00e0 besoins sp\u00e9cifiques dans une vie politique d\u00e9j\u00e0 rude et complexe.<\/p>\n<p>Faisant montre de \u00ab\u00a0r\u00e9sistance\u00a0\u00bb inouie aux clich\u00e9s et aux st\u00e9r\u00e9otypes qui entourent le handicap, le jeune \u00e9lu communal, qui vient de souffler sa 36\u00e8 bougie, a majestueusement r\u00e9ussi son implantation au sein de cette instance \u00e9lue o\u00f9, il avait entam\u00e9 son parcours politique en 2015 \u00ab\u00a0pour faire changer le visage de Sidi Chiker et l\u2019inscrire dans la dynamique socio-\u00e9conomique lanc\u00e9e dans le Royaume\u00a0\u00bb, se rappelle ce militant, avec tant de fiert\u00e9 et un regard serein et optimiste.<\/p>\n<p>Consid\u00e9r\u00e9 comme proche des gens, toujours \u00e0 leur \u00e9coute, adepte du franc-parler et un homme de terrain et de communication, M. Chouabi a conquis les \u00e9lecteurs de la commune qui ont port\u00e9 leur choix sur lui depuis sa d\u00e9cision de s\u2019engager dans le champ politique.<\/p>\n<p>Apr\u00e8s tant d\u2019ann\u00e9es consacr\u00e9es \u00e0 l\u2019action politique et \u00e0 la gestion de la chose locale, M. Chouabi a vu son parcours couronn\u00e9 de succ\u00e8s en se pla\u00e7ant, haut la main, aux commandes du Conseil communal de Sidi Chiker, avec tant de d\u00e9termination et d\u2019engagement qui le marquent depuis son enfance, ont confi\u00e9 plusieurs de ses amis et compagnons dans cette aventure politique, dans des t\u00e9moignages livr\u00e9s \u00e0 M24, la cha\u00eene t\u00e9l\u00e9vis\u00e9e de l\u2019information en continu de la MAP.<\/p>\n<p>\u00ab\u00a0En tant que pr\u00e9sident du Conseil communal, j\u2019essayerai en coordination avec les membres du bureau, presque tous des amis d\u2019enfance, d\u2019am\u00e9liorer le niveau de vie des habitants de la commune notamment, dans le domaine de l\u2019eau potable\u00a0\u00bb, promet ce jeune \u00e9lu communal pour qui, le handicap n\u2019a jamais constitu\u00e9 \u00ab\u00a0un frein\u00a0\u00bb devant ses r\u00eaves et ambitions.<\/p>\n<p>\u00ab\u00a0Je sentais de l\u2019amertume quand je voyais les habitants de certains douars de la commune se r\u00e9veiller \u00e0 3h du matin pour faire des kilom\u00e8tres de marche pour s\u2019approvisionner en eau \u00e0 partir de puits lointains. La g\u00e9n\u00e9ralisation de l\u2019eau potable sera notre priorit\u00e9 absolue\u00a0\u00bb, s\u2019engage ce jeune militant.<\/p>\n<p>Malgr\u00e9 des d\u00e9formations physiques dont, il souffre au niveau du pied droit et des deux mains, M. Chouabi va toujours tr\u00e8s vite dans la vie. Apr\u00e8s des \u00e9tudes primaires \u00e0 l\u2019\u00e9cole de son douar, il a d\u00e9cid\u00e9 de faire ses premiers pas en dehors de son fief premi\u00e8rement, dans la ville d\u2019Echemmaia pour int\u00e9grer le lyc\u00e9e-coll\u00e9gial, puis \u00e0 Safi pour rejoindre le lyc\u00e9e-coll\u00e9gial technique.<\/p>\n<p>Une exp\u00e9rience si enrichissante avec six ann\u00e9es pass\u00e9es dans des internats o\u00f9, il a esquiss\u00e9 ses qualit\u00e9s de communication sociale et acquis l\u2019art de l\u2019\u00e9coute, de la patience et de l\u2019\u00e9change pos\u00e9 et serein avec autrui.<\/p>\n<p>Avec en poche un dipl\u00f4me de technicien sup\u00e9rieur sp\u00e9cialis\u00e9 en \u00e9lectrom\u00e9canique d\u00e9livr\u00e9 par l\u2019Ecole Sup\u00e9rieure de Technologie (EST) de Safi, le jeune entame sa recherche dans la vie active, dans l\u2019espoir de pouvoir d\u00e9crocher un premier emploi.<\/p>\n<p>Et c\u2019est \u00e0 partir de cette date qu\u2019il d\u00e9couvre, pour la premi\u00e8re fois, le sentiment d\u2019\u00eatre une personne \u00e0 besoins sp\u00e9cifiques. \u00ab\u00a0Je ne me suis jamais senti inf\u00e9rieur par rapport \u00e0 mes camarades de classe, jusqu\u2019\u00e0 ma qu\u00eate d\u2019emploi. Apr\u00e8s avoir pass\u00e9 les \u00e9preuves \u00e9crites et orales d\u2019un concours de recrutement, j\u2019\u00e9tais jug\u00e9 invalide par le m\u00e9decin de la soci\u00e9t\u00e9\u00a0\u00bb, se rappelle le jeune \u00e9lu avec certain regret.<\/p>\n<p>Un choc, un d\u00e9sarroi et une amertume\u2026 \u00ab\u00a0Surtout, que c\u2019est pour la premi\u00e8re fois que je me trouve jug\u00e9 par mon physique et non pas par ce que je peux faire\u00a0\u00bb, se rappelle-t-il encore.<\/p>\n<p>Cette exp\u00e9rience malheureuse s\u2019est dupliqu\u00e9e lorsqu\u2019il a essay\u00e9 d\u2019obtenir son permis de conduire. \u00ab\u00a0Le m\u00e9decin a jug\u00e9 que j\u2019\u00e9tais inapte, alors que je peux conduire une voiture m\u00eame \u00e0 quatre p\u00e9dales\u00a0\u00bb, s\u2019insurge M. Chouabi, qui fait des centaines de kilom\u00e8tres, chaque semaine, entre la commune de Sidi Chiker et Rabat, o\u00f9 il travaille en tant que technicien dans une soci\u00e9t\u00e9.<\/p>\n<p>M\u00eame s\u2019il tient \u00e0 affirmer que son handicap n\u2019a pas perturb\u00e9 sa carri\u00e8re \u00e0 tous les niveaux, le jeune pr\u00e9sident communal est, plus que jamais, d\u00e9termin\u00e9 \u00e0 changer le regard de la soci\u00e9t\u00e9 sur le handicap, notamment en \u0153uvrant pour le renforcement de l\u2019adh\u00e9sion et de la participation des personnes souffrant de handicap, \u00e0 la gestion de la chose publique.<\/p>\n<p>\u00ab\u00a0Je suis convaincu que les personnes \u00e0 besoins sp\u00e9cifiques sont les mieux plac\u00e9es pour d\u00e9fendre la cause de cette frange de la soci\u00e9t\u00e9, sans omettre que leur participation dans la vie politique contribue \u00e0 la repr\u00e9sentation de la soci\u00e9t\u00e9 et apporte beaucoup au d\u00e9bat public\u00a0\u00bb, explique-t-il.<\/p>\n<p>Dans ce sens, il a pr\u00e9conis\u00e9 \u00ab\u00a0la fixation d\u2019un quota consacr\u00e9 aux personnes \u00e0 besoins sp\u00e9cifiques, \u00e0 l\u2019instar du quota consacr\u00e9 aux femmes\u00a0\u00bb. \u00ab\u00a0Le Maroc gagnera beaucoup en consacrant un quota aux personnes en situation de handicap, \u00e0 m\u00eame de leur permettre de disposer de repr\u00e9sentants au sein des conseils \u00e9lus notamment, au Parlement\u00a0\u00bb, pr\u00e9conise ce p\u00e8re de deux enfants qui aspire tant les inspirer en termes de d\u00e9passement de soi, d\u2019engagement et de pers\u00e9v\u00e9rance.<\/p>\n<p>S\u2019agissant de son programme politique, qui \u00ab\u00a0a gagn\u00e9 la confiance des habitants\u00a0\u00bb, M. Chouabi souligne que les membres du Conseil communal vont s\u2019int\u00e9resser davantage aux dossiers prioritaires notamment, ceux li\u00e9s \u00e0 l\u2019eau potable, \u00e0 l\u2019\u00e9lectricit\u00e9, \u00e0 l\u2019\u00e9ducation (le transport scolaire) et \u00e0 la sant\u00e9.<\/p>\n<p>\u00ab\u00a0Le budget de la commune est limit\u00e9, alors que les attentes sont \u00e9normes. Ainsi, nous allons travailler sur des projets \u00e0 petit budget mais qui auront un impact visible sur la vie des habitants\u00a0\u00bb, tient \u00e0 souligner cet \u00e9lu communal, estimant que la cl\u00e9 pour la r\u00e9ussite de ce chantier est de trouver des partenaires publics et priv\u00e9s engag\u00e9s et pr\u00eats \u00e0 investir dans le d\u00e9veloppement durable de cette partie du territoire national.<\/p>\n<p>\u00ab\u00a0Nous allons frapper \u00e0 toutes les portes pour trouver les financements n\u00e9cessaires \u00e0 la mise en \u0153uvre des projets dont, les habitants de la commune ont besoin et ainsi contribuer \u00e0 la croissance socio\u00e9conomique provinciale et r\u00e9gionale\u00a0\u00bb, tient \u00e0 souligner, en guise de conclusion, M. Chouabi.<\/p>\n<p>The post <a rel=\"nofollow\" href=\"http:\/\/www.mapmarrakech.ma\/fr\/m-chouabi-un-elu-engage-pour-changer-le-regard-de-la-societe-sur-le-handicap\/\">M. Mustapha Chouabi, un \u00e9lu engag\u00e9 pour changer l\u2019image du handicap<\/a> appeared first on <a rel=\"nofollow\" href=\"http:\/\/www.mapmarrakech.ma\/fr\">MapMarrakech<\/a>.<\/p>\n<\/div>\n<p>Auteur: Meriem IGASS<br \/>\n<a href=\"http:\/\/www.mapmarrakech.ma\/fr\/m-chouabi-un-elu-engage-pour-changer-le-regard-de-la-societe-sur-le-handicap\/\">Cliquez ici pour lire l&rsquo;article depuis sa source.<\/a><\/p>\n","protected":false},"excerpt":{"rendered":"<p>Portant les couleurs du Parti Authenticit\u00e9 et Modernit\u00e9 (PAM), M. Chouabi n\u2019h\u00e9site gu\u00e8re \u00e0 rappeler que le handicap, qui \u00ab\u00a0n\u2019est pas une d\u00e9ficience de l\u2019\u00e2me et du c\u0153ur\u00a0\u00bb, est le grand absent des institutions et des formations politiques, appelant les partis politiques et le pouvoirs publics \u00e0 tendre la main aux personnes \u00e0 besoins sp\u00e9cifiques [&hellip;]<\/p>\n","protected":false},"author":1788,"featured_media":0,"comment_status":"closed","ping_status":"closed","sticky":false,"template":"","format":"standard","meta":{"fifu_image_url":"http:\/\/www.mapmarrakech.ma\/map\/uploads\/2021\/09\/Mustapha-choubi-sidi-chiker-conseil-comm-copier.jpg","fifu_image_alt":"M. Mustapha Chouabi, un \u00e9lu engag\u00e9 pour changer l\u2019image du handicap","footnotes":""},"categories":[54,76],"tags":[],"class_list":["post-128497","post","type-post","status-publish","format-standard","hentry","category-maroc","category-regions"],"_links":{"self":[{"href":"https:\/\/linitiative.ca\/International\/wp-json\/wp\/v2\/posts\/128497","targetHints":{"allow":["GET"]}}],"collection":[{"href":"https:\/\/linitiative.ca\/International\/wp-json\/wp\/v2\/posts"}],"about":[{"href":"https:\/\/linitiative.ca\/International\/wp-json\/wp\/v2\/types\/post"}],"author":[{"embeddable":true,"href":"https:\/\/linitiative.ca\/International\/wp-json\/wp\/v2\/users\/1788"}],"replies":[{"embeddable":true,"href":"https:\/\/linitiative.ca\/International\/wp-json\/wp\/v2\/comments?post=128497"}],"version-history":[{"count":0,"href":"https:\/\/linitiative.ca\/International\/wp-json\/wp\/v2\/posts\/128497\/revisions"}],"wp:attachment":[{"href":"https:\/\/linitiative.ca\/International\/wp-json\/wp\/v2\/media?parent=128497"}],"wp:term":[{"taxonomy":"category","embeddable":true,"href":"https:\/\/linitiative.ca\/International\/wp-json\/wp\/v2\/categories?post=128497"},{"taxonomy":"post_tag","embeddable":true,"href":"https:\/\/linitiative.ca\/International\/wp-json\/wp\/v2\/tags?post=128497"}],"curies":[{"name":"wp","href":"https:\/\/api.w.org\/{rel}","templated":true}]}}